{"id":4661,"date":"2019-05-30T19:11:12","date_gmt":"2019-05-30T19:11:12","guid":{"rendered":"http:\/\/www.radiopresidenteibanez.cl\/web\/?p=4661"},"modified":"2019-05-30T19:11:57","modified_gmt":"2019-05-30T19:11:57","slug":"obra-de-teatro-familiar-invitara-a-reflexionar-sobre-la-produccion-de-semillas-transgenicas","status":"publish","type":"post","link":"https:\/\/www.radiopresidenteibanez.cl\/web\/obra-de-teatro-familiar-invitara-a-reflexionar-sobre-la-produccion-de-semillas-transgenicas\/","title":{"rendered":"OBRA DE TEATRO FAMILIAR INVITAR\u00c1 A REFLEXIONAR SOBRE LA PRODUCCI\u00d3N DE SEMILLAS TRANSG\u00c9NICAS"},"content":{"rendered":"\n<p>La obra de teatro \u201cFrutalipsis o el ladr\u00f3n de semillas\u201d, de\nla compa\u00f1\u00eda de teatro Le\u2019Mat, ser\u00e1 presentada este s\u00e1bado 1 de junio, a las 17\nhoras, de manera abierta, en el Centro Cultural de Punta Arenas.<\/p>\n\n\n\n<p>El montaje, que tambi\u00e9n se presentar\u00e1 en las escuelas de\nLaguna Blanca, R\u00edo Verde y San Gregorio, obedece a una gira financiada por el\nFondo Regional de Desarrollo de la Cultura y las Artes (Fondart), convocatoria\n2019. <\/p>\n\n\n\n<p>\u201cGracias al financiamiento del Ministerio de las Culturas,\nlas Artes y el Patrimonio y a la colaboraci\u00f3n de los municipios de Laguna\nBlanca, R\u00edo Verde, San Gregorio y Punta Arenas, es posible realizar esta gira,\naportando al esfuerzo hacia la descentralizaci\u00f3n y difusi\u00f3n de actividades\nart\u00edsticas que permiten generar y potenciar espacios de participaci\u00f3n y acceso\nal arte esc\u00e9nico\u201d, afirm\u00f3 la gestora del proyecto, Javiera Severino.<\/p>\n\n\n\n<p>La agrupaci\u00f3n Le\u2019Mat naci\u00f3 en el 2014, bajo la inquietud de\ncrear un grupo teatral que, a trav\u00e9s de investigaciones te\u00f3rico-pr\u00e1ctico,\nvolteen sus conocimientos en la creaci\u00f3n de montajes con manipulaci\u00f3n de\nobjetos y marionetas, para un p\u00fablico infantil, juvenil y familiar. \u201cUna de las\ncaracter\u00edsticas de este trabajo es la sencillez en los recursos utilizados,\ndonde el desaf\u00edo es dar con aquellos est\u00edmulos (im\u00e1genes, sonidos,\nmovimientos), que permitan que el espectador sea capaz de completar la\ninformaci\u00f3n entregada en cada escena\u201d, agreg\u00f3 el director de la obra, Sebasti\u00e1n\nSilva.<\/p>\n\n\n\n<p>La obra \u201cFrutalipsis o el ladr\u00f3n de semillas\u201d presenta un\nrelato l\u00fadico y din\u00e1mico, donde peque\u00f1os personajes invitan a reflexionar en\ntorno a las nuevas formas de producci\u00f3n agr\u00edcola, la intervenci\u00f3n gen\u00e9tica de\nlas semillas y sus consecuencias en la comunidad. <\/p>\n\n\n\n<p>Cuenta la historia de don Efra\u00edn, un esforzado agricultor que ha dedicado su vida a cultivar y cosechar frutas y verduras, cans\u00e1ndose de su trabajo al ver que sus ventas han bajado, dado que las semillas transg\u00e9nicas que siembran sus vecinos no le permiten competir de manera justa.<\/p>\n\n\n\n<figure class=\"wp-block-image\"><img loading=\"lazy\" decoding=\"async\" width=\"800\" height=\"450\" src=\"https:\/\/www.radiopresidenteibanez.cl\/web\/wp-content\/uploads\/2019\/05\/FRUTALIPSIS-39.jpg\" alt=\"\" class=\"wp-image-4662\" srcset=\"https:\/\/www.radiopresidenteibanez.cl\/web\/wp-content\/uploads\/2019\/05\/FRUTALIPSIS-39.jpg 800w, https:\/\/www.radiopresidenteibanez.cl\/web\/wp-content\/uploads\/2019\/05\/FRUTALIPSIS-39-300x169.jpg 300w, https:\/\/www.radiopresidenteibanez.cl\/web\/wp-content\/uploads\/2019\/05\/FRUTALIPSIS-39-768x432.jpg 768w\" sizes=\"auto, (max-width: 800px) 100vw, 800px\" \/><\/figure>\n","protected":false},"excerpt":{"rendered":"<p>La obra de teatro \u201cFrutalipsis o el ladr\u00f3n de semillas\u201d, de la compa\u00f1\u00eda de teatro Le\u2019Mat, ser\u00e1 presentada este s\u00e1bado 1 de junio, a las 17 horas, de manera abierta,&#8230; <a class=\"read-more\" href=\"https:\/\/www.radiopresidenteibanez.cl\/web\/obra-de-teatro-familiar-invitara-a-reflexionar-sobre-la-produccion-de-semillas-transgenicas\/\">Leer m\u00e1s<\/a><\/p>\n","protected":false},"author":2,"featured_media":4662,"comment_status":"closed","ping_status":"closed","sticky":false,"template":"","format":"standard","meta":{"footnotes":""},"categories":[4],"tags":[],"class_list":["post-4661","post","type-post","status-publish","format-standard","has-post-thumbnail","hentry","category-entretenimiento-y-cultura"],"_links":{"self":[{"href":"https:\/\/www.radiopresidenteibanez.cl\/web\/wp-json\/wp\/v2\/posts\/4661","targetHints":{"allow":["GET"]}}],"collection":[{"href":"https:\/\/www.radiopresidenteibanez.cl\/web\/wp-json\/wp\/v2\/posts"}],"about":[{"href":"https:\/\/www.radiopresidenteibanez.cl\/web\/wp-json\/wp\/v2\/types\/post"}],"author":[{"embeddable":true,"href":"https:\/\/www.radiopresidenteibanez.cl\/web\/wp-json\/wp\/v2\/users\/2"}],"replies":[{"embeddable":true,"href":"https:\/\/www.radiopresidenteibanez.cl\/web\/wp-json\/wp\/v2\/comments?post=4661"}],"version-history":[{"count":0,"href":"https:\/\/www.radiopresidenteibanez.cl\/web\/wp-json\/wp\/v2\/posts\/4661\/revisions"}],"wp:featuredmedia":[{"embeddable":true,"href":"https:\/\/www.radiopresidenteibanez.cl\/web\/wp-json\/wp\/v2\/media\/4662"}],"wp:attachment":[{"href":"https:\/\/www.radiopresidenteibanez.cl\/web\/wp-json\/wp\/v2\/media?parent=4661"}],"wp:term":[{"taxonomy":"category","embeddable":true,"href":"https:\/\/www.radiopresidenteibanez.cl\/web\/wp-json\/wp\/v2\/categories?post=4661"},{"taxonomy":"post_tag","embeddable":true,"href":"https:\/\/www.radiopresidenteibanez.cl\/web\/wp-json\/wp\/v2\/tags?post=4661"}],"curies":[{"name":"wp","href":"https:\/\/api.w.org\/{rel}","templated":true}]}}