{"id":466,"date":"2019-01-14T18:52:02","date_gmt":"2019-01-14T18:52:02","guid":{"rendered":"http:\/\/www.radiopresidenteibanez.cl\/web\/?p=466"},"modified":"2019-01-14T18:52:30","modified_gmt":"2019-01-14T18:52:30","slug":"seremi-de-justicia-y-ddhh-el-2018-fue-un-ano-positivo-de-arduo-trabajo-pero-esperamos-un-2019-mas-intenso-y-de-mayores-frutos","status":"publish","type":"post","link":"https:\/\/www.radiopresidenteibanez.cl\/web\/seremi-de-justicia-y-ddhh-el-2018-fue-un-ano-positivo-de-arduo-trabajo-pero-esperamos-un-2019-mas-intenso-y-de-mayores-frutos\/","title":{"rendered":"SEREMI DE JUSTICIA Y DDHH: \u201cEL 2018 FUE UN A\u00d1O POSITIVO, DE ARDUO TRABAJO, PERO ESPERAMOS UN 2019 M\u00c1S INTENSO Y DE MAYORES FRUTOS\u201d"},"content":{"rendered":"\n<p>Un\ntrabajo prioritario y coordinado en materia de infancia y adolescencia, destac\u00f3\nFabi\u00e1n Mella Olivos, Seremi de Justicia y Derechos Humanos, entre los hitos m\u00e1s\nrelevantes de su gesti\u00f3n 2018, que engloba a sus servicios dependientes y\nrelacionados. Aqu\u00ed resalt\u00f3 la reciente aprobaci\u00f3n del proyecto\n\u00abHabilitaci\u00f3n Residencial para J\u00f3venes, Punta Arenas\u00bb con \u00e9nfasis en\nsalud mental: <em>\u201cEstamos haciendo lo que\nnos ha pedido el Presidente de la Rep\u00fablica, que es colocar a los ni\u00f1os primero\nen la fila\u201d.<\/em><\/p>\n\n\n\n<p>Tambi\u00e9n\nvalor\u00f3 el aporte multidisciplinario en la oferta program\u00e1tica del Sename, junto\ncon impulsar un proyecto de mejoramiento integral de las dependencias de\nla Residencia Madre Teresa de Calcuta, de Natales. Dicho servicio funciona hace\ndos meses en Carrera Pinto N\u00b0832, c\u00e9ntrica sede apta para una debida atenci\u00f3n de oficina.<\/p>\n\n\n\n<p>En\notro orden, remarc\u00f3 una mayor presencia de la Corporaci\u00f3n de Asistencia\nJudicial (CAJ) en Puerto Williams, con visitas mensuales as\u00ed como la\nin\u00e9dita certificaci\u00f3n a 10 funcionarios del Poder Judicial como mediadores\nlaborales, en base al exitoso modelo de la CAJ en formaci\u00f3n de mediadores\nescolares, el cual sum\u00f3 un reciente\nconvenio de cooperaci\u00f3n con el municipio de Cabo de Hornos, Secreduc y la Umag.<\/p>\n\n\n\n<p>A\nnivel del Servicio M\u00e9dico Legal, valor\u00f3 su acreditaci\u00f3n lograda en procedimientos de Informe Pericial de Salud Mental\nAdultos e Infanto Juvenil y toma de muestra en soporte FTA (para filiaci\u00f3n y\ncomparaci\u00f3n de ADN). Adem\u00e1s se incorpor\u00f3 una trabajadora social para realizar pericias sociales, y los propios\nfuncionarios habilitaron un \u201crinc\u00f3n infantil\u201d.<\/p>\n\n\n\n<p>A nivel de Gendarmer\u00eda, valor\u00f3 la\nimplementaci\u00f3n de una sala materno\ninfantil para visitas en el Complejo Penitenciario, para madres internas junto\na sus ni\u00f1os hasta los 2 a\u00f1os. Como desaf\u00edo para fortalecer la gesti\u00f3n\ndel tribunal de Cabo de Hornos, la instituci\u00f3n trabaja un proyecto para\nhabilitar all\u00ed oficinas administrativas con permanencia de funcionarios.<\/p>\n\n\n\n<p>Del\nRegistro Civil, destac\u00f3 la in\u00e9dita implementaci\u00f3n de\nsubinscripciones de divorcio, de separaci\u00f3n de bienes o participaci\u00f3n en\ngananciales y rectificaciones administrativas en los denominados Registro \u201cX\u201d, para\nagilizar tr\u00e1mites, reduci\u00e9ndose los plazos desde 60 a 50 d\u00edas en algunos casos.<\/p>\n\n\n\n<p>Asimismo, subray\u00f3 el esmerado\ntrabajo de la Defensor\u00eda Penal P\u00fablica para un\nbuen funcionamiento del sistema de justicia, y cuyo \u00e9xito a nivel del tribunal\nde Cabo de Hornos se refleja en las estad\u00edsticas. Valor\u00f3 adem\u00e1s su profesionalismo al incorporar\nel enfoque de g\u00e9nero para privilegiar un servicio de defensa penal m\u00e1s\nespecializado.<\/p>\n\n\n\n<p>A la labor propia de cada servicio se suma el\nhecho el Seremi Mella realiz\u00f3 visitas a todas las unidades penales, la\nrealizaci\u00f3n de nueve \u201cPlazas de Justicia\u201d en toda la regi\u00f3n y su\ntarea iniciada de visitar todos los programas de infancia a nivel regional. Reconoci\u00f3 que todos estos avances est\u00e1n en l\u00ednea con\nlos compromisos del gobierno de mejorar la calidad de vida de toda la\nciudadan\u00eda, y si bien <em>\u201cel 2018 fue un a\u00f1o positivo, de arduo trabajo,\nesperamos un a\u00f1o 2019 m\u00e1s intenso y de frutos mucho mayores. Seguiremos\navanzando en infancia, acceso a la justicia y promoci\u00f3n de los derechos\nhumanos. Estamos al servicio de las personas, nuestras puertas est\u00e1n abiertas\npara todos y las energ\u00edas enfocadas en la b\u00fasqueda y aplicaci\u00f3n de soluciones\nconcretas\u201d.<\/em><\/p>\n","protected":false},"excerpt":{"rendered":"<p>Un trabajo prioritario y coordinado en materia de infancia y adolescencia, destac\u00f3 Fabi\u00e1n Mella Olivos, Seremi de Justicia y Derechos Humanos, entre los hitos m\u00e1s relevantes de su gesti\u00f3n 2018,&#8230; <a class=\"read-more\" href=\"https:\/\/www.radiopresidenteibanez.cl\/web\/seremi-de-justicia-y-ddhh-el-2018-fue-un-ano-positivo-de-arduo-trabajo-pero-esperamos-un-2019-mas-intenso-y-de-mayores-frutos\/\">Leer m\u00e1s<\/a><\/p>\n","protected":false},"author":2,"featured_media":467,"comment_status":"closed","ping_status":"closed","sticky":false,"template":"","format":"standard","meta":{"footnotes":""},"categories":[1],"tags":[],"class_list":["post-466","post","type-post","status-publish","format-standard","has-post-thumbnail","hentry","category-cronica"],"_links":{"self":[{"href":"https:\/\/www.radiopresidenteibanez.cl\/web\/wp-json\/wp\/v2\/posts\/466","targetHints":{"allow":["GET"]}}],"collection":[{"href":"https:\/\/www.radiopresidenteibanez.cl\/web\/wp-json\/wp\/v2\/posts"}],"about":[{"href":"https:\/\/www.radiopresidenteibanez.cl\/web\/wp-json\/wp\/v2\/types\/post"}],"author":[{"embeddable":true,"href":"https:\/\/www.radiopresidenteibanez.cl\/web\/wp-json\/wp\/v2\/users\/2"}],"replies":[{"embeddable":true,"href":"https:\/\/www.radiopresidenteibanez.cl\/web\/wp-json\/wp\/v2\/comments?post=466"}],"version-history":[{"count":0,"href":"https:\/\/www.radiopresidenteibanez.cl\/web\/wp-json\/wp\/v2\/posts\/466\/revisions"}],"wp:featuredmedia":[{"embeddable":true,"href":"https:\/\/www.radiopresidenteibanez.cl\/web\/wp-json\/wp\/v2\/media\/467"}],"wp:attachment":[{"href":"https:\/\/www.radiopresidenteibanez.cl\/web\/wp-json\/wp\/v2\/media?parent=466"}],"wp:term":[{"taxonomy":"category","embeddable":true,"href":"https:\/\/www.radiopresidenteibanez.cl\/web\/wp-json\/wp\/v2\/categories?post=466"},{"taxonomy":"post_tag","embeddable":true,"href":"https:\/\/www.radiopresidenteibanez.cl\/web\/wp-json\/wp\/v2\/tags?post=466"}],"curies":[{"name":"wp","href":"https:\/\/api.w.org\/{rel}","templated":true}]}}