{"id":46588,"date":"2024-02-23T18:19:00","date_gmt":"2024-02-23T21:19:00","guid":{"rendered":"https:\/\/www.radiopresidenteibanez.cl\/web\/?p=46588"},"modified":"2024-02-23T11:01:34","modified_gmt":"2024-02-23T14:01:34","slug":"mas-de-300-pymes-fueron-beneficiarias-de-sercotec-el-2023-en-magallanes","status":"publish","type":"post","link":"https:\/\/www.radiopresidenteibanez.cl\/web\/mas-de-300-pymes-fueron-beneficiarias-de-sercotec-el-2023-en-magallanes\/","title":{"rendered":"MAS DE 300 PYMES FUERON BENEFICIARIAS DE SERCOTEC EL 2023 EN MAGALLANES"},"content":{"rendered":"\n<p>Para Sercotec Magallanes el 2023 fue un a\u00f1o intenso, pero con muchos frutos, as\u00ed lo describe su<br>equipo, el cual se despliega alrededor de las 4 provincias de a regi\u00f3n, entre la oficina regional, los<br>Centros de Desarrollo de Negocios en Punta Arenas y Puerto Natales, y sus sat\u00e9lites en Tierra del<br>Fuego y Cabo de Hornos.<br>Su directora regional (s), Natasha Alarc\u00f3n indica \u201cEstamos muy contentos con lo logrado, el 2023<br>tuvimos un total de 11 programas e instrumentos con cobertura regional, beneficiando a 301<br>pymes, de las cuales 189 son lideradas por mujeres y 112 por hombres. Otras de las herramientas<br>fundamentales de Sercotec, son los Puntos Mipe y los Centros de Desarrollo de Negocios<br>ubicados en Punta Arenas y Puerto Natales y sus sat\u00e9lites en Tierra del Fuego y Cabo de Hornos,<br>los cuales fueron parte de m\u00e1s de 3.500 consultas, atenciones y apoyo transversal. Quisiera<br>destacar que de esas acciones el 63,97% fueron realizadas por mujeres \u201c, indic\u00f3 la l\u00edder de la<br>direcci\u00f3n regional.<br>Marzo, abril y mayo: Gremios, emprendedores, almacenes y marketing<br>A fines de marzo del a\u00f1o pasado se comenzaron a lanzar las convocatorias a los diversos fondos e<br>instrumentos, el primero de ellos fue el programa Fortalecimiento Gremial, que apoya a<br>organizaciones representativas de micro y peque\u00f1as empresas para el fortalecimiento de su<br>asociatividad, mejorar su capacidad de gesti\u00f3n y generar nuevos y mejores productos o servicios<br>para sus asociados. El 2023 este fondo cont\u00f3 con un presupuesto de $45 millones, los que<br>fueron una inyecci\u00f3n de recursos para 5 gremios de la regi\u00f3n.<br>Entre abril y mayo del mismo a\u00f1o se lanzaron los programas Capital Semilla Emprende, Digitaliza<br>tu Almac\u00e9n y CRECE.<br>El Capital Semilla Emprende es uno de los m\u00e1s reconocidos por los emprendedores, ya que tiene<br>como objetivo dar un impulso a quienes tengan una idea de negocio, el 2023 en la regi\u00f3n de<br>Magallanes, 51 nuevos emprendedores(as) con un presupuesto regional de $230 millones.<br>Otro fondo que fue parte del primer trimestre fue Digitaliza tu Almac\u00e9n, busca fortalecer a los<br>peque\u00f1os negocios de barrio mediante la incorporaci\u00f3n de herramientas digitales, que sean un<br>aporte en los nuevos conocimientos para la gesti\u00f3n del local y por sobre todo la captura de nuevas<br>oportunidades, en el 2023 se utilizaron un poco m\u00e1s de $44 millones de pesos donde se<br>beneficiaron 24 almaceneros del territorio.<br>El comienzo de mayo fue el lugar del CRECE instrumento dedicado al paso posterior del inicio de<br>un emprendimiento, el 2023 fue multisectorial enfocado en Intereses especiales, Residuos y<\/p>\n\n\n\n<p>Sustentabilidad. se logr\u00f3 una cobertura de 35 emprendimientos con un presupuesto de $300<br>millones.<br>Junio: Ferias Libres, emprendedoras y digitalizaci\u00f3n<br>El programa Ferias Libres abri\u00f3 junio, su fin es apoyar el fortalecimiento por medio de un subsidio<br>de hasta $30 millones para cofinanciar un proyecto que incluyera inversiones, capital de trabajo,<br>capacitaci\u00f3n, asistencia t\u00e9cnica y marketing, el 2023 nuestra regi\u00f3n se adjudic\u00f3 un cupo el cual fue<br>ganado por la Feria Orqu\u00eddeas del Sur de Punta Arenas.<br>Lo sigui\u00f3 el Capital Abeja Emprende instrumento dedicado 100% mujeres, ejecutado con fondos<br>del Servicio Nacional de la Mujer y Equidad de G\u00e9nero, el que promueve la creaci\u00f3n de negocios<br>liderados por mujeres que tengan la oportunidad de participar en el mercado a trav\u00e9s de su<br>formaci\u00f3n. El 2023 fueron 45 mujeres de las cuatro provincias, con presupuesto regional de $128<br>millones.<br>La primera mitad del a\u00f1o se cerr\u00f3 con el subsidio de Formaci\u00f3n Empresarial &#8211; Ruta Digital el que<br>entrega la oportunidad de adquirir herramientas tecnol\u00f3gicas, mediante a una serie de cursos y<br>requisitos, 25 fueron los beneficiarios con el kit digital a nivel regional con un presupuesto de $32<br>millones.<br>Generaci\u00f3n de oportunidades de negocios<br>Sercotec tambi\u00e9n est\u00e1 comprometido con la generaci\u00f3n de redes y canales para lograr mejoras<br>tanto en negocios como cooperativas, el 2023 en el que el programa Mejora de Negocios,<br>benefici\u00f3 a 24 empresas, teniendo un presupuesto total de $14 millones<br>Otro programa asociativo de especial relevancia para el gobierno, es el de Apoyo a Cooperativas,<br>que se focaliza en la creaci\u00f3n y fortalecimiento de cooperativas, con un presupuesto regional total<br>el 2023 que super\u00f3 los $70 millones, los que beneficiaron a un total de 4 cooperativas regionales.<br>La Promoci\u00f3n y canales de comercializaci\u00f3n, tambi\u00e9n fue parte de la parrilla del 2023, donde se<br>generaron espacios con el fin de potenciar 30 emprendedores\/as con un presupuesto de $21<br>millones y medio, mediante una Feria que se desarroll\u00f3 en Zona Austral para la semana de la<br>Pyme. Para finalizar, tambi\u00e9n fue parte la generaci\u00f3n de Redes de oportunidades de negocios,<br>en esa oportunidad fueron 16 locales con un presupuesto regional de $5 millones y medio.<br>La seremi de Econom\u00eda, Fomento y Turismo de la regi\u00f3n, Marlene Espa\u00f1a hace un llamado \u201cInvito<br>a todos quienes tengan una idea de negocios, dudas consultas o ganas de aprender del<br>emprendimiento a acercarse a los a los Centros Desarrollo de Negocios de Punta Arenas y Puerto<br>Natales, en el caso de las dem\u00e1s provincias pueden realizarlo en los sat\u00e9lites de Sercotec, el a\u00f1o<br>pasado m\u00e1s de 300 emprendimientos fueron beneficiados por los diversos programas,<br>instrumentos o proyectos en la regi\u00f3n, esperamos que este 2024 sea a\u00fan mejor\u201c destac\u00f3 la<br>Secretaria Ministerial Regional de Econom\u00eda.<\/p>\n","protected":false},"excerpt":{"rendered":"<p>Para Sercotec Magallanes el 2023 fue un a\u00f1o intenso, pero con muchos frutos, as\u00ed lo describe suequipo, el cual se despliega alrededor de las 4 provincias de a regi\u00f3n, entre&#8230; <a class=\"read-more\" href=\"https:\/\/www.radiopresidenteibanez.cl\/web\/mas-de-300-pymes-fueron-beneficiarias-de-sercotec-el-2023-en-magallanes\/\">Leer m\u00e1s<\/a><\/p>\n","protected":false},"author":2,"featured_media":46589,"comment_status":"closed","ping_status":"closed","sticky":false,"template":"","format":"standard","meta":{"footnotes":""},"categories":[1],"tags":[],"class_list":["post-46588","post","type-post","status-publish","format-standard","has-post-thumbnail","hentry","category-cronica"],"_links":{"self":[{"href":"https:\/\/www.radiopresidenteibanez.cl\/web\/wp-json\/wp\/v2\/posts\/46588","targetHints":{"allow":["GET"]}}],"collection":[{"href":"https:\/\/www.radiopresidenteibanez.cl\/web\/wp-json\/wp\/v2\/posts"}],"about":[{"href":"https:\/\/www.radiopresidenteibanez.cl\/web\/wp-json\/wp\/v2\/types\/post"}],"author":[{"embeddable":true,"href":"https:\/\/www.radiopresidenteibanez.cl\/web\/wp-json\/wp\/v2\/users\/2"}],"replies":[{"embeddable":true,"href":"https:\/\/www.radiopresidenteibanez.cl\/web\/wp-json\/wp\/v2\/comments?post=46588"}],"version-history":[{"count":0,"href":"https:\/\/www.radiopresidenteibanez.cl\/web\/wp-json\/wp\/v2\/posts\/46588\/revisions"}],"wp:featuredmedia":[{"embeddable":true,"href":"https:\/\/www.radiopresidenteibanez.cl\/web\/wp-json\/wp\/v2\/media\/46589"}],"wp:attachment":[{"href":"https:\/\/www.radiopresidenteibanez.cl\/web\/wp-json\/wp\/v2\/media?parent=46588"}],"wp:term":[{"taxonomy":"category","embeddable":true,"href":"https:\/\/www.radiopresidenteibanez.cl\/web\/wp-json\/wp\/v2\/categories?post=46588"},{"taxonomy":"post_tag","embeddable":true,"href":"https:\/\/www.radiopresidenteibanez.cl\/web\/wp-json\/wp\/v2\/tags?post=46588"}],"curies":[{"name":"wp","href":"https:\/\/api.w.org\/{rel}","templated":true}]}}