{"id":46578,"date":"2024-02-23T09:44:00","date_gmt":"2024-02-23T12:44:00","guid":{"rendered":"https:\/\/www.radiopresidenteibanez.cl\/web\/?p=46578"},"modified":"2024-02-23T09:53:42","modified_gmt":"2024-02-23T12:53:42","slug":"boletin-informativo-matinal-29","status":"publish","type":"post","link":"https:\/\/www.radiopresidenteibanez.cl\/web\/boletin-informativo-matinal-29\/","title":{"rendered":"BOLETIN INFORMATIVO MATINAL"},"content":{"rendered":"\n<p>SANTIAGO.- El Presidente Gabriel Boric design\u00f3 a cuatro diplom\u00e1ticos de carrera como nuevos embajadores de Chile en Croacia, Ecuador, Grecia y Guyana, todos quienes ya recibieron el benepl\u00e1cito de los respectivos pa\u00edses. El comunicado publicado por la Canciller\u00eda detall\u00f3 los nombramientos de Rodrigo Donoso en Croacia; Carola Mu\u00f1oz en Ecuador; Juan Pino en Grecia, y Bernardo del Pic\u00f3 en<br>Guyana.<\/p>\n\n\n\n<p>SANTIAGO.- Con encontradas reacciones fue recibido el nombramiento anunciado por el Gobierno de Patricio Coronado como gerente t\u00e9cnico encargado de la reconstrucci\u00f3n en los sectores arrasados por los incendios forestales en la Regi\u00f3n de Valpara\u00edso. Por ejemplo, la diputada de Renovaci\u00f3n<br>Nacional, Camila Flores, plante\u00f3 que, \u00aben el fondo, lo que hace el Gobierno es nombrar a m\u00e1s personas, con m\u00e1s burocracia.<\/p>\n\n\n\n<p>SANTIAGO.- A juicio de Flores, ya tienen una ministra encargada, una de enlace y ahora est\u00e1n nombrando un gerente\u00bb. Mientras que el arquitecto Iv\u00e1n Poduje coment\u00f3 que \u00abtodos estos nombramientos que no tienen potestad administrativa son figuras que, m\u00e1s que ayudar, entorpecen, porque no tienen<br>capacidad de mando\u00bb.<\/p>\n\n\n\n<p>VI\u00d1A DEL MAR.- A una semana de su anunciada actuaci\u00f3n, el mexicano Peso Pluma confirm\u00f3 que cancela su show en el Festival de Vi\u00f1a del Mar 2024. En un comunicado, la organizaci\u00f3n inform\u00f3 que el artista<br>cancel\u00f3 su gira por Sudam\u00e9rica argumentando \u00abrazones personales\u00bb. Asimismo, la producci\u00f3n indic\u00f3 que lamentan la decisi\u00f3n y que mantiene \u00abun f\u00e9rreo compromiso con la salud de todos quienes son parte del certamen, poniendo la integridad de las personas como eje principal\u00bb.<\/p>\n\n\n\n<p>VI\u00d1A DEL MAR.- La bajada de Peso Pluma llega luego de semanas con cr\u00edticas a su participaci\u00f3n, que partieron con la solicitud de un concejal de Vi\u00f1a del Mar de cancelar su show, una reuni\u00f3n del directorio de TVN e incluso una acci\u00f3n judicial para impedir su presentaci\u00f3n. El propio artista se hab\u00eda referido escuetamente sobre la pol\u00e9mica, afirmando que \u00abme ven muchos ni\u00f1os y muchos van a querer ser como yo\u00bb.<\/p>\n\n\n\n<p>MENDOZA (ARGENTINA).- El entrenador Jorge Almir\u00f3n, al analizar el triunfo de Colo Colo sobre Godoy Cruz en Mendoza por la ida de la Fase 2 de Copa Libertadores, mostr\u00f3 su alegr\u00eda por el juego mostrado, aunque destac\u00f3 que a\u00fan queda evoluci\u00f3n y que la llave est\u00e1 abierta con apenas un 1-0 en el global. Almir\u00f3n dijo que \u00abGodoy Cruz ven\u00eda de no recibir goles. Fue muy trabajado, una noche totalmente de Copa. Nos falta ritmo de juego y eso tambi\u00e9n es una diferencia\u00bb, se\u00f1al\u00f3.<\/p>\n\n\n\n<p>MENDOZA (ARGENTINA).- El t\u00e9cnico del equipo chileno agreg\u00f3 que \u00abel partido de vuelta va a ser muy diferente de local, primero tenemos un compromiso el domingo en un estadio complicado. Para nosotros cada partido es el m\u00e1s importante. No hay nada cerrado, es el &#8216;primer tiempo&#8217; y debemos<br>prepararnos. Faltan algunos partidos, recuperar a algunos, para ajustar cosas\u00bb, indic\u00f3.<\/p>\n\n\n\n<p>MENDOZA (ARGENTINA ).- Almir\u00f3n reflexion\u00f3 que \u00abla Copa Libertadores tiene esto, es otra energ\u00eda. Hay que tener mucha atenci\u00f3n, se gana por detalles. El equipo estuvo bien preparado y tuvo momentos de muy buen f\u00fatbol. Ahora hay que trabajar. Contento porque el equipo gan\u00f3. La gente que vino a<br>apoyarnos fue un gran n\u00famero, no es f\u00e1cil y fue un apoyo enorme. Resalto eso\u00bb, a\u00f1adi\u00f3 el entrenador albo.<\/p>\n","protected":false},"excerpt":{"rendered":"<p>SANTIAGO.- El Presidente Gabriel Boric design\u00f3 a cuatro diplom\u00e1ticos de carrera como nuevos embajadores de Chile en Croacia, Ecuador, Grecia y Guyana, todos quienes ya recibieron el benepl\u00e1cito de los&#8230; <a class=\"read-more\" href=\"https:\/\/www.radiopresidenteibanez.cl\/web\/boletin-informativo-matinal-29\/\">Leer m\u00e1s<\/a><\/p>\n","protected":false},"author":2,"featured_media":46579,"comment_status":"closed","ping_status":"closed","sticky":false,"template":"","format":"standard","meta":{"footnotes":""},"categories":[1],"tags":[],"class_list":["post-46578","post","type-post","status-publish","format-standard","has-post-thumbnail","hentry","category-cronica"],"_links":{"self":[{"href":"https:\/\/www.radiopresidenteibanez.cl\/web\/wp-json\/wp\/v2\/posts\/46578","targetHints":{"allow":["GET"]}}],"collection":[{"href":"https:\/\/www.radiopresidenteibanez.cl\/web\/wp-json\/wp\/v2\/posts"}],"about":[{"href":"https:\/\/www.radiopresidenteibanez.cl\/web\/wp-json\/wp\/v2\/types\/post"}],"author":[{"embeddable":true,"href":"https:\/\/www.radiopresidenteibanez.cl\/web\/wp-json\/wp\/v2\/users\/2"}],"replies":[{"embeddable":true,"href":"https:\/\/www.radiopresidenteibanez.cl\/web\/wp-json\/wp\/v2\/comments?post=46578"}],"version-history":[{"count":0,"href":"https:\/\/www.radiopresidenteibanez.cl\/web\/wp-json\/wp\/v2\/posts\/46578\/revisions"}],"wp:featuredmedia":[{"embeddable":true,"href":"https:\/\/www.radiopresidenteibanez.cl\/web\/wp-json\/wp\/v2\/media\/46579"}],"wp:attachment":[{"href":"https:\/\/www.radiopresidenteibanez.cl\/web\/wp-json\/wp\/v2\/media?parent=46578"}],"wp:term":[{"taxonomy":"category","embeddable":true,"href":"https:\/\/www.radiopresidenteibanez.cl\/web\/wp-json\/wp\/v2\/categories?post=46578"},{"taxonomy":"post_tag","embeddable":true,"href":"https:\/\/www.radiopresidenteibanez.cl\/web\/wp-json\/wp\/v2\/tags?post=46578"}],"curies":[{"name":"wp","href":"https:\/\/api.w.org\/{rel}","templated":true}]}}