{"id":46559,"date":"2024-02-22T18:13:00","date_gmt":"2024-02-22T21:13:00","guid":{"rendered":"https:\/\/www.radiopresidenteibanez.cl\/web\/?p=46559"},"modified":"2024-02-22T11:08:06","modified_gmt":"2024-02-22T14:08:06","slug":"artesanos-proyectan-sus-obras-en-terminal-de-pasajeros-maritimos","status":"publish","type":"post","link":"https:\/\/www.radiopresidenteibanez.cl\/web\/artesanos-proyectan-sus-obras-en-terminal-de-pasajeros-maritimos\/","title":{"rendered":"ARTESANOS PROYECTAN SUS OBRAS EN TERMINAL DE PASAJEROS MARITIMOS"},"content":{"rendered":"\n<p>No s\u00f3lo difundir y comercializar su obra, sino tambi\u00e9n proyectarla y convertirla<br>en exportaci\u00f3n no tradicional. Artesanas y artesanos de Punta Arenas, con el<br>apoyo de la Seremi de las Culturas, las Artes y el Patrimonio y la Empresa<br>Portuaria Austral (EPAUSTRAL), pusieron en marcha un proyecto de promoci\u00f3n de<br>sus trabajos m\u00e1s all\u00e1 del territorio nacional.<br>Se trata de la feria denominada \u201cArtesan\u00edas Australes\u201d, una iniciativa pionera y<br>colaborativa, que tiene como objetivo fomentar la promoci\u00f3n, circulaci\u00f3n y<br>comercializaci\u00f3n de la artesan\u00eda regional.<br>\u201cLo importante es poner en valor este patrimonio inmaterial de la confecci\u00f3n de<br>estos productos, desde las materias primas, que son productos naturales que las<br>y los artesanos procesan para llegar a sus obras finales que es lo que vemos en<br>esta feria\u201d, dijo la Seremi de las Culturas, las Artes y el Patrimonio, Carolina<br>Herrera, durante la inauguraci\u00f3n de la muestra, efectuada este mi\u00e9rcoles 21 de<br>febrero, en el terminal de pasajeros EPAUSTRAL, ubicado en Muelle Prat de<br>Punta Arenas.<br>\u201cArtesan\u00edas Australes\u201d, que incluye obras tradicionales, contempor\u00e1neas y del<br>patrimonio ind\u00edgena de Magallanes, se extender\u00e1 hasta el t\u00e9rmino de la<br>temporada de cruceros. Considera doce jornadas: 21, 23, 24 y 26 de febrero; 6,<br>10, 11, 12, 13, 19 y 23 de marzo, y 3 de abril, per\u00edodo en el que transitar\u00e1n por<br>el recinto portuario alrededor de 30 mil pasajeros.<br>\u201cValorar el trabajo intersectorial que se est\u00e1 desarrollando, a trav\u00e9s del<br>Ministerio de Culturas, Fosis, Prodemu y tambi\u00e9n la EPA, en buscar distintas<br>alternativas para tener un mejor encadenamiento productivo y poder ofrecer<br>diferentes servicios a los turistas que nos visitan\u201d, sostuvo el Delegado<\/p>\n\n\n\n<p>Presidencial de Magallanes (S), Andro Mimica, quien asisti\u00f3 al acto inaugural<br>junto autoridades regionales.<br>Para el Gerente General de EPAUSTRAL, Miguel Palma esta feria reafirma el<br>compromiso de la empresa con la responsabilidad social y el con establecer v\u00edas<br>de conexi\u00f3n para el desarrollo y la difusi\u00f3n de las expresiones art\u00edsticas y<br>culturales presentes en la regi\u00f3n.<br>\u201cEstamos muy orgullosos de esta iniciativa. Nos consultaron por la posibilidad de<br>habilitar este espacio para la venta de artesan\u00eda local, con artesanos de primer<br>nivel, regional y con productos locales. Para la EPA es un orgullo y va en la l\u00ednea<br>estrat\u00e9gica en la cual la Empresa Portuaria Austral quiere vincularse con la<br>actividad local\u201d, precis\u00f3 Palma.<br>Piezas de orfebrer\u00eda, textil, arcilla y cester\u00eda de pueblos originarios (Kaw\u00e9sqar y<br>Yag\u00e1n) incluye la variada oferta de esta experiencia, que inici\u00f3 con \u00e9xito este<br>mi\u00e9rcoles, con la recalada del crucero Marina, que trajo hasta la ciudad 1250<br>pasajeros.<br>\u201cPara nosotros como Mesa de Artesan\u00eda es super importante esta gesti\u00f3n que ha<br>hecho la Serem\u00eda, de poder traernos a este espacio de la EPA para recibir a los<br>visitantes que llegan a Punta Arenas y tener aqu\u00ed un punto cultural\u201d, coment\u00f3 la<br>Maestra Artesana, Marcela Alca\u00edno, junto con agradecer la habilitaci\u00f3n del<br>espacio para comercializar piezas artesanales regionales.<br>Adem\u00e1s de EPAUSTRAL, esta iniciativa cuenta con la colaboraci\u00f3n de la<br>Fundaci\u00f3n de Promoci\u00f3n y Desarrollo de la Mujer (PRODEMU) y el Fondo de<br>Solidaridad e Inversi\u00f3n Social (FOSIS).<\/p>\n","protected":false},"excerpt":{"rendered":"<p>No s\u00f3lo difundir y comercializar su obra, sino tambi\u00e9n proyectarla y convertirlaen exportaci\u00f3n no tradicional. Artesanas y artesanos de Punta Arenas, con elapoyo de la Seremi de las Culturas, las&#8230; <a class=\"read-more\" href=\"https:\/\/www.radiopresidenteibanez.cl\/web\/artesanos-proyectan-sus-obras-en-terminal-de-pasajeros-maritimos\/\">Leer m\u00e1s<\/a><\/p>\n","protected":false},"author":2,"featured_media":46560,"comment_status":"closed","ping_status":"closed","sticky":false,"template":"","format":"standard","meta":{"footnotes":""},"categories":[1],"tags":[],"class_list":["post-46559","post","type-post","status-publish","format-standard","has-post-thumbnail","hentry","category-cronica"],"_links":{"self":[{"href":"https:\/\/www.radiopresidenteibanez.cl\/web\/wp-json\/wp\/v2\/posts\/46559","targetHints":{"allow":["GET"]}}],"collection":[{"href":"https:\/\/www.radiopresidenteibanez.cl\/web\/wp-json\/wp\/v2\/posts"}],"about":[{"href":"https:\/\/www.radiopresidenteibanez.cl\/web\/wp-json\/wp\/v2\/types\/post"}],"author":[{"embeddable":true,"href":"https:\/\/www.radiopresidenteibanez.cl\/web\/wp-json\/wp\/v2\/users\/2"}],"replies":[{"embeddable":true,"href":"https:\/\/www.radiopresidenteibanez.cl\/web\/wp-json\/wp\/v2\/comments?post=46559"}],"version-history":[{"count":0,"href":"https:\/\/www.radiopresidenteibanez.cl\/web\/wp-json\/wp\/v2\/posts\/46559\/revisions"}],"wp:featuredmedia":[{"embeddable":true,"href":"https:\/\/www.radiopresidenteibanez.cl\/web\/wp-json\/wp\/v2\/media\/46560"}],"wp:attachment":[{"href":"https:\/\/www.radiopresidenteibanez.cl\/web\/wp-json\/wp\/v2\/media?parent=46559"}],"wp:term":[{"taxonomy":"category","embeddable":true,"href":"https:\/\/www.radiopresidenteibanez.cl\/web\/wp-json\/wp\/v2\/categories?post=46559"},{"taxonomy":"post_tag","embeddable":true,"href":"https:\/\/www.radiopresidenteibanez.cl\/web\/wp-json\/wp\/v2\/tags?post=46559"}],"curies":[{"name":"wp","href":"https:\/\/api.w.org\/{rel}","templated":true}]}}