{"id":46540,"date":"2024-02-22T11:23:00","date_gmt":"2024-02-22T14:23:00","guid":{"rendered":"https:\/\/www.radiopresidenteibanez.cl\/web\/?p=46540"},"modified":"2024-02-22T09:26:54","modified_gmt":"2024-02-22T12:26:54","slug":"ninos-y-ninas-de-las-colonias-de-verano-aprenden-sobre-la-importancia-de-las-ballenas-en-la-antartica","status":"publish","type":"post","link":"https:\/\/www.radiopresidenteibanez.cl\/web\/ninos-y-ninas-de-las-colonias-de-verano-aprenden-sobre-la-importancia-de-las-ballenas-en-la-antartica\/","title":{"rendered":"NI\u00d1OS Y NI\u00d1AS DE LAS COLONIAS DE VERANO APRENDEN SOBRE LA IMPORTANCIA DE LAS BALLENAS EN LA ANTARTICA"},"content":{"rendered":"\n<p>M\u00e1s de ochenta ni\u00f1os y ni\u00f1as que participan de las colonias de verano organizadas por la Municipalidad de Punta Arenas aprendieron sobre las ballenas en el marco de su d\u00eda mundial que se celebr\u00f3 el pasado lunes, a trav\u00e9s de un taller educativo que fue desarrollado por el Instituto Ant\u00e1rtico Chileno (INACH).&nbsp;&nbsp;<\/p>\n\n\n\n<p>Las actividades se llevaron a cabo en las escuelas Manuel Bulnes y Juan Williams de la ciudad austral, donde los participantes de 6 a 12 a\u00f1os de edad tuvieron la oportunidad de conocer y ampliar sus conocimientos sobre estos animales que realizan impresionantes migraciones desde los tr\u00f3picos hasta el oc\u00e9ano Austral en temporada estival en busca de su alimento compuesto principalmente por kril, invertebrados marinos y peces, entre otros recursos marinos.&nbsp;<\/p>\n\n\n\n<p>A trav\u00e9s de una charla con im\u00e1genes y videos, la bi\u00f3loga marina y profesional del \u00e1rea de Educaci\u00f3n de INACH, Constanza Jim\u00e9nez, les ense\u00f1\u00f3 sobre los cet\u00e1ceos que se pueden observar en Ant\u00e1rtica y sus respectivas caracter\u00edsticas. La charla no s\u00f3lo proporcion\u00f3 conocimientos sobre la biolog\u00eda y el comportamiento de las ballenas, sino que tambi\u00e9n destac\u00f3 la importancia crucial de su conservaci\u00f3n, protecci\u00f3n e investigaci\u00f3n en Magallanes y Ant\u00e1rtica.<\/p>\n\n\n\n<p>Tras la charla se anim\u00f3 a los participantes a expresar su creatividad decorando lienzos con im\u00e1genes de estas majestuosas especies marinas. Utilizando materiales reciclados, t\u00e9mperas y l\u00e1pices de colores, los ni\u00f1os y ni\u00f1as dieron rienda suelta a su imaginaci\u00f3n para plasmar la belleza y a dejar mensajes sobre la importancia de las ballenas en nuestras vidas y en el entorno marino.<\/p>\n\n\n\n<p>Al finalizar la actividad, varios ni\u00f1os y ni\u00f1as compartieron datos curiosos que hab\u00edan aprendido, como el hecho de que \u201cla ballena azul es la especie m\u00e1s grande que habita en el planeta y que puede llegar a medir m\u00e1s de treinta metros de largo\u201d y coincid\u00edan en la importancia del cuidado del medioambiente para contribuir a la protecci\u00f3n de estos grandes animales, conscientes de la amenaza que representa la contaminaci\u00f3n oce\u00e1nica.&nbsp;<\/p>\n\n\n\n<p>\u201cPara nosotros como INACH es fundamental transmitir estos conocimientos a las nuevas generaciones, lo fundamental es crear conciencia sobre la importancia de cuidar a estos cet\u00e1ceos y comprender su papel vital en los ecosistemas marinos, especialmente en la Ant\u00e1rtica. Nuestro objetivo era que los ni\u00f1os y ni\u00f1as participantes entendieran la importancia que tienen estos organismos para los ecosistemas, especialmente en aquellos tan fr\u00e1giles como la Ant\u00e1rtica. El d\u00eda de hoy, busc\u00e1bamos que conocieran las catorce especies de cet\u00e1ceos que llegan a la Ant\u00e1rtica, entre ellas las ballenas que podemos encontrar en el oc\u00e9ano Austral\u201d, coment\u00f3 la profesional de INACH.<\/p>\n\n\n\n<p>Sof\u00eda Blanco, profesional de la Direcci\u00f3n de Medio Ambiente, Aseo y Ornato de la Municipalidad de Punta Arenas, agradeci\u00f3 la colaboraci\u00f3n brindada por INACH en esta actividad y resalt\u00f3 la importancia de difundir informaci\u00f3n relevante que rara vez se aborda en los colegios. \u201cQuisimos invitar al INACH a participar de las colonias de verano para que pudieran compartir con nosotros las actividades cient\u00edficas que realizan en la Ant\u00e1rtica, y para que los ni\u00f1os tambi\u00e9n pudieran comprender y aprender sobre la importancia de cuidar el medio ambiente, incluida la concienciaci\u00f3n sobre no arrojar basura, ya que esto puede afectar directamente o indirectamente a estas especies marinas\u201d, coment\u00f3.<\/p>\n\n\n\n<p>El INACH es un organismo t\u00e9cnico del Ministerio de Relaciones Exteriores con plena autonom\u00eda en todo lo relacionado con asuntos ant\u00e1rticos de car\u00e1cter cient\u00edfico, tecnol\u00f3gico y de difusi\u00f3n. El INACH cumple con la Pol\u00edtica Ant\u00e1rtica Nacional incentivando el desarrollo de la investigaci\u00f3n de excelencia, participando efectivamente en el Sistema del Tratado Ant\u00e1rtico y foros relacionados, fortaleciendo a Magallanes como puerta de entrada al Continente Blanco y realizando acciones de divulgaci\u00f3n del conocimiento ant\u00e1rtico en la ciudadan\u00eda. El INACH organiza el Programa Nacional de Ciencia Ant\u00e1rtica (PROCIEN).<\/p>\n","protected":false},"excerpt":{"rendered":"<p>M\u00e1s de ochenta ni\u00f1os y ni\u00f1as que participan de las colonias de verano organizadas por la Municipalidad de Punta Arenas aprendieron sobre las ballenas en el marco de su d\u00eda&#8230; <a class=\"read-more\" href=\"https:\/\/www.radiopresidenteibanez.cl\/web\/ninos-y-ninas-de-las-colonias-de-verano-aprenden-sobre-la-importancia-de-las-ballenas-en-la-antartica\/\">Leer m\u00e1s<\/a><\/p>\n","protected":false},"author":2,"featured_media":46541,"comment_status":"closed","ping_status":"closed","sticky":false,"template":"","format":"standard","meta":{"footnotes":""},"categories":[1],"tags":[],"class_list":["post-46540","post","type-post","status-publish","format-standard","has-post-thumbnail","hentry","category-cronica"],"_links":{"self":[{"href":"https:\/\/www.radiopresidenteibanez.cl\/web\/wp-json\/wp\/v2\/posts\/46540","targetHints":{"allow":["GET"]}}],"collection":[{"href":"https:\/\/www.radiopresidenteibanez.cl\/web\/wp-json\/wp\/v2\/posts"}],"about":[{"href":"https:\/\/www.radiopresidenteibanez.cl\/web\/wp-json\/wp\/v2\/types\/post"}],"author":[{"embeddable":true,"href":"https:\/\/www.radiopresidenteibanez.cl\/web\/wp-json\/wp\/v2\/users\/2"}],"replies":[{"embeddable":true,"href":"https:\/\/www.radiopresidenteibanez.cl\/web\/wp-json\/wp\/v2\/comments?post=46540"}],"version-history":[{"count":0,"href":"https:\/\/www.radiopresidenteibanez.cl\/web\/wp-json\/wp\/v2\/posts\/46540\/revisions"}],"wp:featuredmedia":[{"embeddable":true,"href":"https:\/\/www.radiopresidenteibanez.cl\/web\/wp-json\/wp\/v2\/media\/46541"}],"wp:attachment":[{"href":"https:\/\/www.radiopresidenteibanez.cl\/web\/wp-json\/wp\/v2\/media?parent=46540"}],"wp:term":[{"taxonomy":"category","embeddable":true,"href":"https:\/\/www.radiopresidenteibanez.cl\/web\/wp-json\/wp\/v2\/categories?post=46540"},{"taxonomy":"post_tag","embeddable":true,"href":"https:\/\/www.radiopresidenteibanez.cl\/web\/wp-json\/wp\/v2\/tags?post=46540"}],"curies":[{"name":"wp","href":"https:\/\/api.w.org\/{rel}","templated":true}]}}