{"id":4654,"date":"2019-05-29T20:38:00","date_gmt":"2019-05-29T20:38:00","guid":{"rendered":"http:\/\/www.radiopresidenteibanez.cl\/web\/?p=4654"},"modified":"2019-05-29T20:38:36","modified_gmt":"2019-05-29T20:38:36","slug":"pdi-celebrara-con-diversas-actividades-sus-86-anos-de-labor-investigativa","status":"publish","type":"post","link":"https:\/\/www.radiopresidenteibanez.cl\/web\/pdi-celebrara-con-diversas-actividades-sus-86-anos-de-labor-investigativa\/","title":{"rendered":"PDI CELEBRAR\u00c1 CON DIVERSAS ACTIVIDADES SUS 86 A\u00d1OS DE LABOR INVESTIGATIVA"},"content":{"rendered":"\n<p>Con motivo de celebrar el Octog\u00e9simo Sexto Aniversario de la Polic\u00eda de\nInvestigaciones de Chile, la Regi\u00f3n Policial de Magallanes y la Ant\u00e1rtica\nChilena ofreci\u00f3 un desayuno a los medios de prensa locales, donde se dieron a\nconocer una serie de actividades para conmemorar esta fecha y donde se invita a\nla comunidad a hacerse part\u00edcipe. <\/p>\n\n\n\n<p>Cerca de una veintena de profesionales de las comunicaciones llegaron\nhasta el casino de oficiales del complejo policial en Punta Arenas a participar\nde este encuentro, con jefes de las unidades policiales, la prefecto Claudia\nDom\u00ednguez, jefa de la Prefectura Provincial Magallanes, y el prefecto inspector\nV\u00edctor Arriagada Mauna, jefe de la Regi\u00f3n Policial de Magallanes y la Ant\u00e1rtica\nChilena, quien presidi\u00f3 la reuni\u00f3n y aprovech\u00f3 la instancia para agradecer la\nlabor que realizan los medios de comunicaci\u00f3n en la difusi\u00f3n del trabajo investigativo.<\/p>\n\n\n\n<p><strong>Actividades aniversario<\/strong><\/p>\n\n\n\n<p>Entre las actividades aniversario, el s\u00e1bado 15 de junio entre 10:00 y\n19:00 horas, detectives y peritos realizar\u00e1n una muestra tem\u00e1tica en el m\u00f3dulo\ncentral de Zona Austral, para dar a conocer de manera did\u00e1ctica la labor\ninvestigativa, cient\u00edfica y t\u00e9cnica que realiza la PDI. Posteriormente, el\nlunes 17 de junio a las 11:00 horas se realizar\u00e1 un acto ecum\u00e9nico en la\nIglesia Evang\u00e9lica Luterana en Punta Arenas. <\/p>\n\n\n\n<p>El martes 18 y como ya es tradici\u00f3n, se celebrar\u00e1 el \u201cD\u00eda del detective\u201d\nen un establecimiento educacional de Punta Arenas. En tanto, el mi\u00e9rcoles 19 de\njunio -d\u00eda del aniversario institucional- se realizar\u00e1 una lista solemne e\nizamiento del pabell\u00f3n nacional e institucional a las 8:00 horas en el frontis\ndel complejo policial Punta Arenas, mientras que, a las 19:00 horas, se\ndesarrollar\u00e1 el acto central y cuenta p\u00fablica en el teatro municipal Jos\u00e9 Bohr.\n<\/p>\n\n\n\n<p>El Laboratorio de Criminal\u00edstica Regional organiz\u00f3 el Ciclo de Cine\n\u201cLatinoam\u00e9rica en el cine policial: El espejo social\u201d, que se realizar\u00e1 el 25,\n26 y 27 de junio, a partir de las 19 horas, en el auditorio del complejo\npolicial. La celebraci\u00f3n del aniversario, tambi\u00e9n considera actividades\ndeportivas, el domingo 6 de octubre est\u00e1 fijada la \u201cCorrida PDI\u201d, iniciativa que\nel a\u00f1o pasado tuvo una exitosa participaci\u00f3n con m\u00e1s de mil competidores. <\/p>\n\n\n\n<p>El jefe de la regi\u00f3n policial explic\u00f3 que el ofrecer diferentes\nactividades a la comunidad magall\u00e1nica tiene relaci\u00f3n con acercarse y estrechar\nlazos con la ciudadan\u00eda, quien ha posicionado a la PDI como una de las\ninstituciones mejor evaluadas en materia de desempe\u00f1o y confianza.&nbsp;&nbsp; <\/p>\n\n\n\n<p><strong>Proyecto del nuevo Complejo\nPolicial Punta Arenas<\/strong><\/p>\n\n\n\n<p>Consultado sobre el anhelo de contar con nuevas dependencias, el\nprefecto inspector, se\u00f1al\u00f3 que desde el a\u00f1o 2015, la Regi\u00f3n Policial de\nMagallanes junto al Gobierno Regional, se encuentran trabajando en un proyecto\nde un nuevo complejo policial para Punta Arenas, con financiamiento del Fondo\nNacional de Desarrollo Regional (FNDR). <\/p>\n\n\n\n<p>El jefe de la regi\u00f3n policial se\u00f1al\u00f3 que es fundamental contar con nueva\ninfraestructura: \u201cEl cuartel, m\u00e1s all\u00e1 del espacio f\u00edsico en que podemos\natender a nuestros vecinos y ciudadanos, tiene que ver con un tema de\nmodernidad. Hoy d\u00eda la polic\u00eda, es una polic\u00eda moderna, que tiene cierta\nimplementaci\u00f3n tecnol\u00f3gica que requiere algunas especificaciones t\u00e9cnicas que\ndeben tener los establecimientos, las cuales hoy d\u00eda las tenemos que ir\nadaptando en el cuartel que tenemos y en algunos casos definitivamente no\npodemos contar con ello\u201d. <\/p>\n\n\n\n<p>Sobre los plazos del proyecto de un nuevo complejo policial, el prefecto inspector V\u00edctor Arriagada, detall\u00f3 que en octubre termina la etapa de dise\u00f1o y luego esperaran iniciar el proceso de construcci\u00f3n, pero que para ello es fundamental contar con el apoyo de las autoridades regionales, tal como lo han tenido hasta la actualidad. <\/p>\n\n\n\n<figure class=\"wp-block-image\"><img loading=\"lazy\" decoding=\"async\" width=\"800\" height=\"533\" src=\"https:\/\/www.radiopresidenteibanez.cl\/web\/wp-content\/uploads\/2019\/05\/IMG_3438.jpg\" alt=\"\" class=\"wp-image-4655\" srcset=\"https:\/\/www.radiopresidenteibanez.cl\/web\/wp-content\/uploads\/2019\/05\/IMG_3438.jpg 800w, https:\/\/www.radiopresidenteibanez.cl\/web\/wp-content\/uploads\/2019\/05\/IMG_3438-300x200.jpg 300w, https:\/\/www.radiopresidenteibanez.cl\/web\/wp-content\/uploads\/2019\/05\/IMG_3438-768x512.jpg 768w\" sizes=\"auto, (max-width: 800px) 100vw, 800px\" \/><\/figure>\n","protected":false},"excerpt":{"rendered":"<p>Con motivo de celebrar el Octog\u00e9simo Sexto Aniversario de la Polic\u00eda de Investigaciones de Chile, la Regi\u00f3n Policial de Magallanes y la Ant\u00e1rtica Chilena ofreci\u00f3 un desayuno a los medios&#8230; <a class=\"read-more\" href=\"https:\/\/www.radiopresidenteibanez.cl\/web\/pdi-celebrara-con-diversas-actividades-sus-86-anos-de-labor-investigativa\/\">Leer m\u00e1s<\/a><\/p>\n","protected":false},"author":2,"featured_media":4655,"comment_status":"closed","ping_status":"closed","sticky":false,"template":"","format":"standard","meta":{"footnotes":""},"categories":[1],"tags":[],"class_list":["post-4654","post","type-post","status-publish","format-standard","has-post-thumbnail","hentry","category-cronica"],"_links":{"self":[{"href":"https:\/\/www.radiopresidenteibanez.cl\/web\/wp-json\/wp\/v2\/posts\/4654","targetHints":{"allow":["GET"]}}],"collection":[{"href":"https:\/\/www.radiopresidenteibanez.cl\/web\/wp-json\/wp\/v2\/posts"}],"about":[{"href":"https:\/\/www.radiopresidenteibanez.cl\/web\/wp-json\/wp\/v2\/types\/post"}],"author":[{"embeddable":true,"href":"https:\/\/www.radiopresidenteibanez.cl\/web\/wp-json\/wp\/v2\/users\/2"}],"replies":[{"embeddable":true,"href":"https:\/\/www.radiopresidenteibanez.cl\/web\/wp-json\/wp\/v2\/comments?post=4654"}],"version-history":[{"count":0,"href":"https:\/\/www.radiopresidenteibanez.cl\/web\/wp-json\/wp\/v2\/posts\/4654\/revisions"}],"wp:featuredmedia":[{"embeddable":true,"href":"https:\/\/www.radiopresidenteibanez.cl\/web\/wp-json\/wp\/v2\/media\/4655"}],"wp:attachment":[{"href":"https:\/\/www.radiopresidenteibanez.cl\/web\/wp-json\/wp\/v2\/media?parent=4654"}],"wp:term":[{"taxonomy":"category","embeddable":true,"href":"https:\/\/www.radiopresidenteibanez.cl\/web\/wp-json\/wp\/v2\/categories?post=4654"},{"taxonomy":"post_tag","embeddable":true,"href":"https:\/\/www.radiopresidenteibanez.cl\/web\/wp-json\/wp\/v2\/tags?post=4654"}],"curies":[{"name":"wp","href":"https:\/\/api.w.org\/{rel}","templated":true}]}}