{"id":46527,"date":"2024-02-21T16:50:00","date_gmt":"2024-02-21T19:50:00","guid":{"rendered":"https:\/\/www.radiopresidenteibanez.cl\/web\/?p=46527"},"modified":"2024-02-21T11:39:13","modified_gmt":"2024-02-21T14:39:13","slug":"familias-junto-a-sus-pequenos-dieron-cierre-a-las-colonias-de-verano-2024","status":"publish","type":"post","link":"https:\/\/www.radiopresidenteibanez.cl\/web\/familias-junto-a-sus-pequenos-dieron-cierre-a-las-colonias-de-verano-2024\/","title":{"rendered":"FAMILIAS JUNTO A SUS PEQUE\u00d1OS DIERON CIERRE A LAS COLONIAS DE VERANO 2024"},"content":{"rendered":"\n<p>Por medio de una gran alfombra roja en la que desfilaron los distintos grupos de participantes, una entrega de reconocimientos a las distintas empresas e instituciones que apoyaron esta iniciativa, y un colorido escenario que recibi\u00f3 a un total de 200 ni\u00f1os y ni\u00f1as disfrazados, la Municipalidad de Punta Arenas dio t\u00e9rmino a las Colonias de Verano 2024.<br>La ceremonia de cierre se llev\u00f3 a cabo en el gimnasio de la Confederaci\u00f3n Deportiva, en donde madres y padres juntos a sus peque\u00f1os, fueron parte de la actividad familiar que puso fin al gran apoyo que durante el verano esta&nbsp;instancia brind\u00f3 a cientos de vecinas y vecinos que, producto de sus compromisos laborales propias de la temporada, no contaban con los espacios recreativos para dejar a sus hijas e hijos.&nbsp;<br>Ante ello, la alcaldesa (s) de Punta Arenas, Claudia Casas, destac\u00f3 que \u00abestamos muy agradecidos de la confianza de los padres y apoderados que trajeron a sus hijas e hijos a participar de estas colonias, en donde m\u00e1s de 200 ni\u00f1os y ni\u00f1as participaron en dos escuelas, paralelamente\u00bb, sostuvo la jefa comunal, quien agreg\u00f3 que \u00abeste es un lindo cierre para una actividad que, como dijo una apoderada, ayuda a las mam\u00e1s y pap\u00e1s que trabajan\u00bb.<br>En este mismo sentido, Nancy Bilbao, madre de una de las participantes de estas Colonias de Verano 2024, aprovech\u00f3 la instancia para agradecer por el espacio brindado al cuidado de su hija.&nbsp;<\/p>\n\n\n\n<p>\u00abPara m\u00ed fue de gran ayuda todo esto porque mi madre, que siempre&nbsp;cuida a mi peque\u00f1a, se encuentra trabajando y gracias a las colonias mi hija no se tuvo que quedar sola en casa, es&nbsp;por esto que le doy muchas gracias al municipio\u00bb, remarc\u00f3 Bilbao.<br>De la actividad participaron autoridades comunales y representantes de las instituciones p\u00fablicas y privadas que apoyaron este programa, como<\/p>\n\n\n\n<p>&nbsp;la direcci\u00f3n regional de la Junta Nacional de Auxilio Escolar y Becas (Junaeb),&nbsp;Mall Espacio Urbano,&nbsp;Gasco Magallanes,&nbsp;Carabineros,&nbsp;Ej\u00e9rcito,&nbsp;Bomberos,&nbsp;Gendarmer\u00eda,&nbsp;Empresa Q3,&nbsp;J\u00f3venes Ant\u00e1rticos, y la&nbsp;Direcci\u00f3n de Aseo y Ornato del municipio local.<\/p>\n\n\n\n<p>De esta manera se puso fin a este panorama de verano que tuvo como principal objetivo el proporcionar una serie de&nbsp;experiencias&nbsp;socioeducativas y recreacionales referidas a las necesidades de las ni\u00f1as y ni\u00f1os de 6 a 12 a\u00f1os, en&nbsp;apoyo a su proceso de desarrollo por medio de un espacio de cuidado seguro,&nbsp;protegido y de interacci\u00f3n social, que implic\u00f3 distintas&nbsp;actividades culturales,&nbsp;recreativas, l\u00fadicas, deportivas, educativas, de contacto con la naturaleza, de vinculaci\u00f3n&nbsp;con el medio, de vida saludable, entre otras.<br>Cabe destacar que cada jornada contempl\u00f3 tres minutas de alimentaci\u00f3n diaria para los participantes&nbsp;<\/p>\n\n\n\n<p>(desayuno, almuerzo y colaci\u00f3n), que se llevaron a cabo&nbsp;gracias al proyecto de Junaeb para la entrega de los&nbsp;nutrientes necesarios para cada uno&nbsp;de los menores beneficiarios de las Colonias de Verano 2024.<\/p>\n","protected":false},"excerpt":{"rendered":"<p>Por medio de una gran alfombra roja en la que desfilaron los distintos grupos de participantes, una entrega de reconocimientos a las distintas empresas e instituciones que apoyaron esta iniciativa,&#8230; <a class=\"read-more\" href=\"https:\/\/www.radiopresidenteibanez.cl\/web\/familias-junto-a-sus-pequenos-dieron-cierre-a-las-colonias-de-verano-2024\/\">Leer m\u00e1s<\/a><\/p>\n","protected":false},"author":2,"featured_media":46528,"comment_status":"closed","ping_status":"closed","sticky":false,"template":"","format":"standard","meta":{"footnotes":""},"categories":[1],"tags":[],"class_list":["post-46527","post","type-post","status-publish","format-standard","has-post-thumbnail","hentry","category-cronica"],"_links":{"self":[{"href":"https:\/\/www.radiopresidenteibanez.cl\/web\/wp-json\/wp\/v2\/posts\/46527","targetHints":{"allow":["GET"]}}],"collection":[{"href":"https:\/\/www.radiopresidenteibanez.cl\/web\/wp-json\/wp\/v2\/posts"}],"about":[{"href":"https:\/\/www.radiopresidenteibanez.cl\/web\/wp-json\/wp\/v2\/types\/post"}],"author":[{"embeddable":true,"href":"https:\/\/www.radiopresidenteibanez.cl\/web\/wp-json\/wp\/v2\/users\/2"}],"replies":[{"embeddable":true,"href":"https:\/\/www.radiopresidenteibanez.cl\/web\/wp-json\/wp\/v2\/comments?post=46527"}],"version-history":[{"count":0,"href":"https:\/\/www.radiopresidenteibanez.cl\/web\/wp-json\/wp\/v2\/posts\/46527\/revisions"}],"wp:featuredmedia":[{"embeddable":true,"href":"https:\/\/www.radiopresidenteibanez.cl\/web\/wp-json\/wp\/v2\/media\/46528"}],"wp:attachment":[{"href":"https:\/\/www.radiopresidenteibanez.cl\/web\/wp-json\/wp\/v2\/media?parent=46527"}],"wp:term":[{"taxonomy":"category","embeddable":true,"href":"https:\/\/www.radiopresidenteibanez.cl\/web\/wp-json\/wp\/v2\/categories?post=46527"},{"taxonomy":"post_tag","embeddable":true,"href":"https:\/\/www.radiopresidenteibanez.cl\/web\/wp-json\/wp\/v2\/tags?post=46527"}],"curies":[{"name":"wp","href":"https:\/\/api.w.org\/{rel}","templated":true}]}}