{"id":4651,"date":"2019-05-29T20:33:03","date_gmt":"2019-05-29T20:33:03","guid":{"rendered":"http:\/\/www.radiopresidenteibanez.cl\/web\/?p=4651"},"modified":"2019-05-29T20:33:20","modified_gmt":"2019-05-29T20:33:20","slug":"senadora-goic-el-2009-se-dijo-que-dotar-de-fibra-optica-a-magallanes-por-territorio-nacional-era-un-sueno-imposible","status":"publish","type":"post","link":"https:\/\/www.radiopresidenteibanez.cl\/web\/senadora-goic-el-2009-se-dijo-que-dotar-de-fibra-optica-a-magallanes-por-territorio-nacional-era-un-sueno-imposible\/","title":{"rendered":"SENADORA GOIC: \u201cEL 2009 SE DIJO QUE DOTAR DE FIBRA \u00d3PTICA A MAGALLANES POR TERRITORIO NACIONAL ERA UN SUE\u00d1O IMPOSIBLE\u201d"},"content":{"rendered":"\n<p>Recordando\nque fue en el a\u00f1o 2009 cuando la entonces diputada y actual senadora Carolina\nGoic, llag\u00f3 hasta donde el subsecretario de telecomunicaciones de la \u00e9poca Pablo\nBello, para proponer una iniciativa, que para ese momento era casi inalcanzable\ny un sue\u00f1o imposible, que dec\u00eda relaci\u00f3n con dotar de fibra \u00f3ptica a Magallanes\npor territorio nacional, iniciativa que beneficiar\u00eda a la ciencia, al\neducaci\u00f3n, la salud, el turismo y a todo el sector de la econom\u00eda regional.<\/p>\n\n\n\n<p>\u201cEn\nese momento recuerdo que tras conocerse la noticia se nos dijo que la\nconectividad con fibra \u00f3ptica por territorio nacional era un sue\u00f1o casi imposible\ny que nuestra propuesta pr\u00e1cticamente pasar\u00eda al olvido, pero no nos rendimos,\ny tal como lo consignan&nbsp; los archivos de\nprensa de la \u00e9poca, seguimos insistiendo durante el primer gobierno del\nPresidente Pi\u00f1era y luego en el segundo mandato de la Presidenta Bachelet, hoy\ncon mucha satisfacci\u00f3n decimos que nuestra lucha no fue en vano\u201d, expres\u00f3 Goic.<\/p>\n\n\n\n<p>Finamente la parlamentaria expres\u00f3 que cuando plante\u00f3 esta propuesta lo hizo pensando en el desarrollo regional en todos sus \u00e1mbitos, a su vez con una mirada geopol\u00edtica, por eso hoy cuando el proyecto se est\u00e1 ejecutando y faltando pocos meses para que nuestra regi\u00f3n quede conecta a la fibra \u00f3ptica por territorio nacional, destaca que ser\u00e1 la fibra m\u00e1s austral del planeta y la m\u00e1s importante del hemisferio sur.<\/p>\n\n\n\n<figure class=\"wp-block-image\"><img loading=\"lazy\" decoding=\"async\" width=\"600\" height=\"400\" src=\"https:\/\/www.radiopresidenteibanez.cl\/web\/wp-content\/uploads\/2019\/05\/FIBRA-OPTICA.jpg\" alt=\"\" class=\"wp-image-4652\" srcset=\"https:\/\/www.radiopresidenteibanez.cl\/web\/wp-content\/uploads\/2019\/05\/FIBRA-OPTICA.jpg 600w, https:\/\/www.radiopresidenteibanez.cl\/web\/wp-content\/uploads\/2019\/05\/FIBRA-OPTICA-300x200.jpg 300w\" sizes=\"auto, (max-width: 600px) 100vw, 600px\" \/><\/figure>\n","protected":false},"excerpt":{"rendered":"<p>Recordando que fue en el a\u00f1o 2009 cuando la entonces diputada y actual senadora Carolina Goic, llag\u00f3 hasta donde el subsecretario de telecomunicaciones de la \u00e9poca Pablo Bello, para proponer&#8230; <a class=\"read-more\" href=\"https:\/\/www.radiopresidenteibanez.cl\/web\/senadora-goic-el-2009-se-dijo-que-dotar-de-fibra-optica-a-magallanes-por-territorio-nacional-era-un-sueno-imposible\/\">Leer m\u00e1s<\/a><\/p>\n","protected":false},"author":2,"featured_media":4652,"comment_status":"closed","ping_status":"closed","sticky":false,"template":"","format":"standard","meta":{"footnotes":""},"categories":[1],"tags":[],"class_list":["post-4651","post","type-post","status-publish","format-standard","has-post-thumbnail","hentry","category-cronica"],"_links":{"self":[{"href":"https:\/\/www.radiopresidenteibanez.cl\/web\/wp-json\/wp\/v2\/posts\/4651","targetHints":{"allow":["GET"]}}],"collection":[{"href":"https:\/\/www.radiopresidenteibanez.cl\/web\/wp-json\/wp\/v2\/posts"}],"about":[{"href":"https:\/\/www.radiopresidenteibanez.cl\/web\/wp-json\/wp\/v2\/types\/post"}],"author":[{"embeddable":true,"href":"https:\/\/www.radiopresidenteibanez.cl\/web\/wp-json\/wp\/v2\/users\/2"}],"replies":[{"embeddable":true,"href":"https:\/\/www.radiopresidenteibanez.cl\/web\/wp-json\/wp\/v2\/comments?post=4651"}],"version-history":[{"count":0,"href":"https:\/\/www.radiopresidenteibanez.cl\/web\/wp-json\/wp\/v2\/posts\/4651\/revisions"}],"wp:featuredmedia":[{"embeddable":true,"href":"https:\/\/www.radiopresidenteibanez.cl\/web\/wp-json\/wp\/v2\/media\/4652"}],"wp:attachment":[{"href":"https:\/\/www.radiopresidenteibanez.cl\/web\/wp-json\/wp\/v2\/media?parent=4651"}],"wp:term":[{"taxonomy":"category","embeddable":true,"href":"https:\/\/www.radiopresidenteibanez.cl\/web\/wp-json\/wp\/v2\/categories?post=4651"},{"taxonomy":"post_tag","embeddable":true,"href":"https:\/\/www.radiopresidenteibanez.cl\/web\/wp-json\/wp\/v2\/tags?post=4651"}],"curies":[{"name":"wp","href":"https:\/\/api.w.org\/{rel}","templated":true}]}}