{"id":46508,"date":"2024-02-21T10:17:00","date_gmt":"2024-02-21T13:17:00","guid":{"rendered":"https:\/\/www.radiopresidenteibanez.cl\/web\/?p=46508"},"modified":"2024-02-21T09:10:22","modified_gmt":"2024-02-21T12:10:22","slug":"para-continuar-la-lucha-por-la-patria-escarnecida-miguel-enriquez-se-llama-el-seguira-en-la-pelea-canta-carlos-puebla","status":"publish","type":"post","link":"https:\/\/www.radiopresidenteibanez.cl\/web\/para-continuar-la-lucha-por-la-patria-escarnecida-miguel-enriquez-se-llama-el-seguira-en-la-pelea-canta-carlos-puebla\/","title":{"rendered":"Para continuar la lucha por la patria escarnecida Miguel Enriquez se llama el seguir\u00e1 en la pelea..\u00bb canta Carlos Puebla"},"content":{"rendered":"\n<p>Si alguien se da el tiempo y analiza con sumo cuidado todo lo que se viene produciendo desde el estallido social en adelante se dar\u00e1 cuenta que, al menos, el sistema se vio realmente complicado y tuvo que recurrir a soluciones no previstas, para evitar que la poblaci\u00f3n se sublevara completamente y avanzar\u00e1 a\u00fan con m\u00e1s fuerzas para lograr los cambios que buscaba. Lamentablemente por esa falta de unidad que tanto se anuncia pero que poco se logra &#8211; adem\u00e1s de la falta de organizaci\u00f3n y articulaci\u00f3n entre todos los descontentos &#8211; todo termin\u00f3 en una componenda pol\u00edtica a la que llamaron acuerdo por la paz, la convocatoria a un proceso constituyente al que hace algunos meses se puso la l\u00e1pida definitiva, sin que se consiguiera absolutamente nada de lo que se demandaba.<br>Lo m\u00e1s dram\u00e1tico y que debe preocuparnos sobremanera es que esa sublevaci\u00f3n, estallido o como se le quiera llamar, no implic\u00f3 la construcci\u00f3n de organizaciones sociales ni sindicales.<br>\u00bfCon que se piensa sostener futuras rebeliones de la poblaci\u00f3n, si es que se producen?<\/p>\n\n\n\n<p>2.- Desde el estallido en adelante la represi\u00f3n recuper\u00f3 la forma que ten\u00eda en dictadura. Cientos de personas fueron golpeadas, heridas en sus ojos y otras partes del cuerpo. Varios perdieron la vista, otros se han suicidado y hubo miles de detenidos y encarcelados que han pasado a\u00f1os sin juicios. Al mismo tiempo aumentaron los portonazos y otros m\u00e9todos delictivos, se asesina en la calle a personas con total impunidad, los secuestros se hacen normales, armas en poder de peligrosos delincuentes y un largo etc\u00e9tera.<br>Sin embargo, \u00abla inteligencia y seguridad del Estado\u00bb es incapaz de dar con las guaridas de bandas que est\u00e1n operando en el coraz\u00f3n de las ciudades.<br>\u00bfQui\u00e9n est\u00e1 detr\u00e1s de todo esto?<br>Es claro que el miedo y el terror generalizado est\u00e1n llevando a autoridades y ciudadanos a exigir militares en las calles, no faltara el que pida entregar a los milicos el poder.<br>\u00bfEs el costo que se est\u00e1 pagando por el estallido y la falta de organizaci\u00f3n? Que no nos asuste el terror del poder, somos la mayor\u00eda debemos prepararnos para ganar.<\/p>\n","protected":false},"excerpt":{"rendered":"<p>Si alguien se da el tiempo y analiza con sumo cuidado todo lo que se viene produciendo desde el estallido social en adelante se dar\u00e1 cuenta que, al menos, el&#8230; <a class=\"read-more\" href=\"https:\/\/www.radiopresidenteibanez.cl\/web\/para-continuar-la-lucha-por-la-patria-escarnecida-miguel-enriquez-se-llama-el-seguira-en-la-pelea-canta-carlos-puebla\/\">Leer m\u00e1s<\/a><\/p>\n","protected":false},"author":2,"featured_media":46509,"comment_status":"closed","ping_status":"closed","sticky":false,"template":"","format":"standard","meta":{"footnotes":""},"categories":[1],"tags":[],"class_list":["post-46508","post","type-post","status-publish","format-standard","has-post-thumbnail","hentry","category-cronica"],"_links":{"self":[{"href":"https:\/\/www.radiopresidenteibanez.cl\/web\/wp-json\/wp\/v2\/posts\/46508","targetHints":{"allow":["GET"]}}],"collection":[{"href":"https:\/\/www.radiopresidenteibanez.cl\/web\/wp-json\/wp\/v2\/posts"}],"about":[{"href":"https:\/\/www.radiopresidenteibanez.cl\/web\/wp-json\/wp\/v2\/types\/post"}],"author":[{"embeddable":true,"href":"https:\/\/www.radiopresidenteibanez.cl\/web\/wp-json\/wp\/v2\/users\/2"}],"replies":[{"embeddable":true,"href":"https:\/\/www.radiopresidenteibanez.cl\/web\/wp-json\/wp\/v2\/comments?post=46508"}],"version-history":[{"count":0,"href":"https:\/\/www.radiopresidenteibanez.cl\/web\/wp-json\/wp\/v2\/posts\/46508\/revisions"}],"wp:featuredmedia":[{"embeddable":true,"href":"https:\/\/www.radiopresidenteibanez.cl\/web\/wp-json\/wp\/v2\/media\/46509"}],"wp:attachment":[{"href":"https:\/\/www.radiopresidenteibanez.cl\/web\/wp-json\/wp\/v2\/media?parent=46508"}],"wp:term":[{"taxonomy":"category","embeddable":true,"href":"https:\/\/www.radiopresidenteibanez.cl\/web\/wp-json\/wp\/v2\/categories?post=46508"},{"taxonomy":"post_tag","embeddable":true,"href":"https:\/\/www.radiopresidenteibanez.cl\/web\/wp-json\/wp\/v2\/tags?post=46508"}],"curies":[{"name":"wp","href":"https:\/\/api.w.org\/{rel}","templated":true}]}}