{"id":46496,"date":"2024-02-20T17:49:00","date_gmt":"2024-02-20T20:49:00","guid":{"rendered":"https:\/\/www.radiopresidenteibanez.cl\/web\/?p=46496"},"modified":"2024-02-20T11:33:59","modified_gmt":"2024-02-20T14:33:59","slug":"h2v-presento-su-pagina-web","status":"publish","type":"post","link":"https:\/\/www.radiopresidenteibanez.cl\/web\/h2v-presento-su-pagina-web\/","title":{"rendered":"H2V PRESENTO SU PAGINA WEB"},"content":{"rendered":"\n<p>La asociaci\u00f3n gremial de empresas productoras de hidr\u00f3geno verde de Magallanes, H2V<br>Magallanes, lanz\u00f3 su p\u00e1gina web www.h2vmagallanes.cl, sitio que re\u00fane informaci\u00f3n clave<br>de la industria que busca fortalecer el crecimiento econ\u00f3mico y social de Magallanes y<br>contribuir a la transici\u00f3n energ\u00e9tica de Chile y del mundo.<br>H2V Magallanes se cre\u00f3 el 2023 con el objetivo de generar un espacio de coordinaci\u00f3n y<br>di\u00e1logo con la Regi\u00f3n para promover el desarrollo sostenible de esta industria. En diciembre<br>pasado, la entidad gremial que actualmente est\u00e1 conformada por EDF Chile, EDF<br>Renewables, HIF Global, HNH Energy, TEG Chile y TotalEnergies H2, suscribi\u00f3 un acuerdo<br>p\u00fablico\u2013privado con el Gobierno Regional, CORFO y los Ministerios de Econom\u00eda, Energ\u00eda y<br>Obras P\u00fablicas, donde las partes se comprometieron a propiciar acciones para el desarrollo<br>de capacidades humanas, encadenamientos productivos, innovaci\u00f3n tecnol\u00f3gica,<br>infraestructura com\u00fan y el desarrollo arm\u00f3nico de la Regi\u00f3n.<br>El lanzamiento de la p\u00e1gina web constituye un hito importante para la industria y para la<br>regi\u00f3n, aportando a la transparencia y facilitando que la comunidad y partes interesadas<br>accedan a informaci\u00f3n sobre el hidr\u00f3geno renovable y sus derivados, as\u00ed como a las<br>utilidades y aplicaciones del hidr\u00f3geno verde para reemplazar progresivamente el consumo<br>de combustibles f\u00f3siles en sectores tan relevantes como el transporte y el industrial,<br>mitigando los efectos del cambio clim\u00e1tico. Asimismo, el sitio contiene informaci\u00f3n sobre<br>los proyectos que actualmente est\u00e1n impulsando las empresas socias, indicando la etapa en<br>la que se encuentra cada uno de ellos.<br>\u201cEstamos muy contentos al disponer de esta plataforma, que esperamos se convierta en<br>una buena fuente de informaci\u00f3n disponible para todos quienes deseen conocer m\u00e1s del<br>hidr\u00f3geno verde y de los proyectos que nuestros socios est\u00e1n desarrollando en la Regi\u00f3n\u201d,<br>se\u00f1al\u00f3 Mar\u00eda Isabel Mu\u00f1oz, Gerente General de H2V Magallanes.<\/p>\n","protected":false},"excerpt":{"rendered":"<p>La asociaci\u00f3n gremial de empresas productoras de hidr\u00f3geno verde de Magallanes, H2VMagallanes, lanz\u00f3 su p\u00e1gina web www.h2vmagallanes.cl, sitio que re\u00fane informaci\u00f3n clavede la industria que busca fortalecer el crecimiento econ\u00f3mico&#8230; <a class=\"read-more\" href=\"https:\/\/www.radiopresidenteibanez.cl\/web\/h2v-presento-su-pagina-web\/\">Leer m\u00e1s<\/a><\/p>\n","protected":false},"author":2,"featured_media":46497,"comment_status":"closed","ping_status":"closed","sticky":false,"template":"","format":"standard","meta":{"footnotes":""},"categories":[1],"tags":[],"class_list":["post-46496","post","type-post","status-publish","format-standard","has-post-thumbnail","hentry","category-cronica"],"_links":{"self":[{"href":"https:\/\/www.radiopresidenteibanez.cl\/web\/wp-json\/wp\/v2\/posts\/46496","targetHints":{"allow":["GET"]}}],"collection":[{"href":"https:\/\/www.radiopresidenteibanez.cl\/web\/wp-json\/wp\/v2\/posts"}],"about":[{"href":"https:\/\/www.radiopresidenteibanez.cl\/web\/wp-json\/wp\/v2\/types\/post"}],"author":[{"embeddable":true,"href":"https:\/\/www.radiopresidenteibanez.cl\/web\/wp-json\/wp\/v2\/users\/2"}],"replies":[{"embeddable":true,"href":"https:\/\/www.radiopresidenteibanez.cl\/web\/wp-json\/wp\/v2\/comments?post=46496"}],"version-history":[{"count":0,"href":"https:\/\/www.radiopresidenteibanez.cl\/web\/wp-json\/wp\/v2\/posts\/46496\/revisions"}],"wp:featuredmedia":[{"embeddable":true,"href":"https:\/\/www.radiopresidenteibanez.cl\/web\/wp-json\/wp\/v2\/media\/46497"}],"wp:attachment":[{"href":"https:\/\/www.radiopresidenteibanez.cl\/web\/wp-json\/wp\/v2\/media?parent=46496"}],"wp:term":[{"taxonomy":"category","embeddable":true,"href":"https:\/\/www.radiopresidenteibanez.cl\/web\/wp-json\/wp\/v2\/categories?post=46496"},{"taxonomy":"post_tag","embeddable":true,"href":"https:\/\/www.radiopresidenteibanez.cl\/web\/wp-json\/wp\/v2\/tags?post=46496"}],"curies":[{"name":"wp","href":"https:\/\/api.w.org\/{rel}","templated":true}]}}