{"id":46463,"date":"2024-02-19T15:56:00","date_gmt":"2024-02-19T18:56:00","guid":{"rendered":"https:\/\/www.radiopresidenteibanez.cl\/web\/?p=46463"},"modified":"2024-02-19T11:18:48","modified_gmt":"2024-02-19T14:18:48","slug":"internos-del-cet-voluntaramiente-limpiaron-y-arreglaron-entorno-de-multicancha-publica","status":"publish","type":"post","link":"https:\/\/www.radiopresidenteibanez.cl\/web\/internos-del-cet-voluntaramiente-limpiaron-y-arreglaron-entorno-de-multicancha-publica\/","title":{"rendered":"INTERNOS DEL CET VOLUNTARAMIENTE LIMPIARON Y ARREGLARON ENTORNO DE MULTICANCHA P\u00daBLICA"},"content":{"rendered":"\n<figure class=\"wp-block-table\"><table><tbody><tr><td colspan=\"3\">En marco del trabajo de reinserci\u00f3n social que hace Gendarmer\u00eda, la instituci\u00f3n peri\u00f3dicamente brinda la oportunidad a personas privadas de libertad que forman parte del Centro de Educaci\u00f3n y Trabajo (CET) semiabierto de Punta Arenas, de realizar pr\u00e1ctica deportiva en el medio libre como una forma de promover h\u00e1bitos saludables y una adaptaci\u00f3n creciente al entorno comunitario.&nbsp;Fue as\u00ed como este viernes, parte de los 23 internos que forman parte del CET fueron llevados hasta una multicancha p\u00fablica ubicada en la poblaci\u00f3n Domingo Espi\u00f1eiro del sector sur poniente de Punta Arenas, donde lamentablemente se encontraron con un panorama desalentador.&nbsp;Botellas y latas de alcohol, basura, tierra y piedras en las grader\u00edas, as\u00ed como en la cancha, adem\u00e1s de peligrosos alambres sueltos en la reja perimetral, dificultaban a ellos poder realizar deportes, misma situaci\u00f3n que por supuesto afecta a los ni\u00f1os y j\u00f3venes del sector, y para quienes fue construido en definitiva este adelanto social.&nbsp;Ante esto, y de manera voluntaria, los internos pidieron&nbsp; herramientas e insumos de limpieza a los gendarmes que los custodiaban, para as\u00ed proceder pronta y directamente a intervenir la cancha en favor de la comunidad.&nbsp;Finalmente, los privados de libertad pudieron realizar actividad deportiva en el recinto, acci\u00f3n ante la cual el mayor de Gendarmer\u00eda Manuel Pinto Tejo, jefe de unidad del CET semiabierto de Punta Arenas, quiso destacar \u201cpor ser un ejemplo de la disposici\u00f3n prosocial que demuestran estas personas que han accedido a la unidad en base al m\u00e9rito y al trabajo duro en su superaci\u00f3n personal\u201d.&nbsp;El CET semiabierto de Punta Arenas cuenta con diversos talleres, tales como panader\u00eda, estructuras met\u00e1licas, muebler\u00eda y de mec\u00e1nica, entre otros, espacios donde los internos desarrollan oficios que posteriormente pueden ejercer una vez que cumplen con sus condenas y se reintegran a la sociedad.<\/td><\/tr><\/tbody><\/table><\/figure>\n","protected":false},"excerpt":{"rendered":"<p>En marco del trabajo de reinserci\u00f3n social que hace Gendarmer\u00eda, la instituci\u00f3n peri\u00f3dicamente brinda la oportunidad a personas privadas de libertad que forman parte del Centro de Educaci\u00f3n y Trabajo&#8230; <a class=\"read-more\" href=\"https:\/\/www.radiopresidenteibanez.cl\/web\/internos-del-cet-voluntaramiente-limpiaron-y-arreglaron-entorno-de-multicancha-publica\/\">Leer m\u00e1s<\/a><\/p>\n","protected":false},"author":2,"featured_media":46464,"comment_status":"closed","ping_status":"closed","sticky":false,"template":"","format":"standard","meta":{"footnotes":""},"categories":[1],"tags":[],"class_list":["post-46463","post","type-post","status-publish","format-standard","has-post-thumbnail","hentry","category-cronica"],"_links":{"self":[{"href":"https:\/\/www.radiopresidenteibanez.cl\/web\/wp-json\/wp\/v2\/posts\/46463","targetHints":{"allow":["GET"]}}],"collection":[{"href":"https:\/\/www.radiopresidenteibanez.cl\/web\/wp-json\/wp\/v2\/posts"}],"about":[{"href":"https:\/\/www.radiopresidenteibanez.cl\/web\/wp-json\/wp\/v2\/types\/post"}],"author":[{"embeddable":true,"href":"https:\/\/www.radiopresidenteibanez.cl\/web\/wp-json\/wp\/v2\/users\/2"}],"replies":[{"embeddable":true,"href":"https:\/\/www.radiopresidenteibanez.cl\/web\/wp-json\/wp\/v2\/comments?post=46463"}],"version-history":[{"count":0,"href":"https:\/\/www.radiopresidenteibanez.cl\/web\/wp-json\/wp\/v2\/posts\/46463\/revisions"}],"wp:featuredmedia":[{"embeddable":true,"href":"https:\/\/www.radiopresidenteibanez.cl\/web\/wp-json\/wp\/v2\/media\/46464"}],"wp:attachment":[{"href":"https:\/\/www.radiopresidenteibanez.cl\/web\/wp-json\/wp\/v2\/media?parent=46463"}],"wp:term":[{"taxonomy":"category","embeddable":true,"href":"https:\/\/www.radiopresidenteibanez.cl\/web\/wp-json\/wp\/v2\/categories?post=46463"},{"taxonomy":"post_tag","embeddable":true,"href":"https:\/\/www.radiopresidenteibanez.cl\/web\/wp-json\/wp\/v2\/tags?post=46463"}],"curies":[{"name":"wp","href":"https:\/\/api.w.org\/{rel}","templated":true}]}}