{"id":46457,"date":"2024-02-19T12:34:00","date_gmt":"2024-02-19T15:34:00","guid":{"rendered":"https:\/\/www.radiopresidenteibanez.cl\/web\/?p=46457"},"modified":"2024-02-19T10:31:19","modified_gmt":"2024-02-19T13:31:19","slug":"productos-avicolas-magallanicos-estaran-protegidos-con-seguro-en-caso-de-enfermedades-exoticas","status":"publish","type":"post","link":"https:\/\/www.radiopresidenteibanez.cl\/web\/productos-avicolas-magallanicos-estaran-protegidos-con-seguro-en-caso-de-enfermedades-exoticas\/","title":{"rendered":"PRODUCTOS AVICOLAS MAGALLANICOS ESTARAN PROTEGIDOS CON SEGURO EN CASO DE ENFERMEDADES EXOTICAS"},"content":{"rendered":"\n<p>Todos los productores av\u00edcolas de traspatio est\u00e1n protegidos con el seguro, siempre y cuando, tengan su declaraci\u00f3n de existencia de animales y obtengan el Rol \u00danico Pecuario, (RUP), que otorga el Servicio<br>Agr\u00edcola y Ganadero.<br>As\u00ed lo dieron a conocer las autoridades del agro, encabezada por la Seremi de Agricultura, Irene Ram\u00edrez; director de INDAP, Gabriel Zegers y director (S) del SAG, Javier Gonz\u00e1lez, junto a productores pertenecientes a la Cooperativa Agr\u00edcola Campesina \u201cAv\u00edcola Austral\u201d, que preside la agricultora Mar\u00eda Elena Col\u00edn, lugar desde donde se realiz\u00f3 el anuncio del seguro para personas que cr\u00edan<br>diversos tipos de aves<br>Hay que considerar que m\u00e1s del 90% de los huevos que se consumen en la regi\u00f3n<br>vienen del norte del pa\u00eds, menos del 10% de los huevos son producci\u00f3n regional,<br>seg\u00fan antecedentes proporcionados por el director regional de INDAP, Gabriel<br>Zegers, contabilizando un registro de alrededor de 180 productores de gallinas de<br>postura en la regi\u00f3n, por lo que resulta muy importante proteger esta reducida<br>producci\u00f3n que es de gran calidad, manifest\u00f3.<br>Por su parte la Seremi de Agricultura, manifest\u00f3 que, se trata de una estrategia<br>que ha dise\u00f1ado el Ministerio de Agricultura, a trav\u00e9s de Agroseguro, con el fin de<br>combatir los efectos de enfermedades ex\u00f3ticas para aves, como la influenza aviar,<br>Newcastle, Hepatitis viral del pato, entre otras enfermedades, protegiendo a los<br>productores de aves traspatio, lo que permite a nuestros productores ser<br>resilientes y cumplir con los requisitos que solicita el SAG<br>Es importante que los productores se inscriban ante el SAG y se indique el lugar<br>donde tiene sus aves para que se obtenga el Rol \u00danico Pecuario, RUP. La<br>vigencia del seguro es de un a\u00f1o a partir del 25 de diciembre del a\u00f1o 2023. Es<br>importante considerar que las aves deben encontrarse en un recinto cerrado.<br>En caso de presentarse s\u00edntomas que afecten a las aves, la recomendaci\u00f3n es<br>realizar la denuncia lo m\u00e1s temprano posible al Servicio Agr\u00edcola y Ganadero, de<br>esta forma se garantiza el acompa\u00f1amiento que corresponde a cada productor.<br>Mar\u00eda Elena Col\u00edn Chiguay, agricultora de Pampa Redonda y presidenta de la<br>Cooperativa \u201cAv\u00edcola Austral\u201d que re\u00fane a seis productores de Punta Arenas, tiene<br>m\u00e1s de 150 aves entre gallinas, patos y gansos y nos comenta \u201ces muy importante<br>este seguro, ya que nosotros corremos el riesgo de las enfermedades y que se<br>nos elimine todo el plantel en caso de presentarse alguna enfermedad y eso es<br>una tremenda p\u00e9rdida, ya que es un costo grande mantener las aves.\u201d<\/p>\n","protected":false},"excerpt":{"rendered":"<p>Todos los productores av\u00edcolas de traspatio est\u00e1n protegidos con el seguro, siempre y cuando, tengan su declaraci\u00f3n de existencia de animales y obtengan el Rol \u00danico Pecuario, (RUP), que otorga&#8230; <a class=\"read-more\" href=\"https:\/\/www.radiopresidenteibanez.cl\/web\/productos-avicolas-magallanicos-estaran-protegidos-con-seguro-en-caso-de-enfermedades-exoticas\/\">Leer m\u00e1s<\/a><\/p>\n","protected":false},"author":2,"featured_media":46458,"comment_status":"closed","ping_status":"closed","sticky":false,"template":"","format":"standard","meta":{"footnotes":""},"categories":[1],"tags":[],"class_list":["post-46457","post","type-post","status-publish","format-standard","has-post-thumbnail","hentry","category-cronica"],"_links":{"self":[{"href":"https:\/\/www.radiopresidenteibanez.cl\/web\/wp-json\/wp\/v2\/posts\/46457","targetHints":{"allow":["GET"]}}],"collection":[{"href":"https:\/\/www.radiopresidenteibanez.cl\/web\/wp-json\/wp\/v2\/posts"}],"about":[{"href":"https:\/\/www.radiopresidenteibanez.cl\/web\/wp-json\/wp\/v2\/types\/post"}],"author":[{"embeddable":true,"href":"https:\/\/www.radiopresidenteibanez.cl\/web\/wp-json\/wp\/v2\/users\/2"}],"replies":[{"embeddable":true,"href":"https:\/\/www.radiopresidenteibanez.cl\/web\/wp-json\/wp\/v2\/comments?post=46457"}],"version-history":[{"count":0,"href":"https:\/\/www.radiopresidenteibanez.cl\/web\/wp-json\/wp\/v2\/posts\/46457\/revisions"}],"wp:featuredmedia":[{"embeddable":true,"href":"https:\/\/www.radiopresidenteibanez.cl\/web\/wp-json\/wp\/v2\/media\/46458"}],"wp:attachment":[{"href":"https:\/\/www.radiopresidenteibanez.cl\/web\/wp-json\/wp\/v2\/media?parent=46457"}],"wp:term":[{"taxonomy":"category","embeddable":true,"href":"https:\/\/www.radiopresidenteibanez.cl\/web\/wp-json\/wp\/v2\/categories?post=46457"},{"taxonomy":"post_tag","embeddable":true,"href":"https:\/\/www.radiopresidenteibanez.cl\/web\/wp-json\/wp\/v2\/tags?post=46457"}],"curies":[{"name":"wp","href":"https:\/\/api.w.org\/{rel}","templated":true}]}}