{"id":46437,"date":"2024-02-17T14:50:00","date_gmt":"2024-02-17T17:50:00","guid":{"rendered":"https:\/\/www.radiopresidenteibanez.cl\/web\/?p=46437"},"modified":"2024-02-17T12:19:07","modified_gmt":"2024-02-17T15:19:07","slug":"puerto-natales-se-convierte-en-capital-gastronomica-internacional","status":"publish","type":"post","link":"https:\/\/www.radiopresidenteibanez.cl\/web\/puerto-natales-se-convierte-en-capital-gastronomica-internacional\/","title":{"rendered":"Puerto Natales se convierte en capital gastron\u00f3mica internacional"},"content":{"rendered":"\n<p>El proyecto tuvo su lanzamiento en un encuentro hecho en Puerto Natales, con la participaci\u00f3n de<br>autoridades, representantes de gremios e integrantes del ecosistema del turismo y la gastronom\u00eda<br>de la comuna y la Regi\u00f3n. Contempl\u00f3 adem\u00e1s del lanzamiento y socializaci\u00f3n del programa, la<br>presentaci\u00f3n de emprendedores gastron\u00f3micos locales.<br>En el evento, se dio a conocer el inicio de un plan de trabajo de 12 meses, en que Puerto Natales<br>se preparar\u00e1 para que su turismo se fortalezca a trav\u00e9s de su reconocida gastronom\u00eda, y que el<br>destino defini\u00f3 como uno de sus sellos distintivos, cuyo territorio recibe durante todo el a\u00f1o,<br>turistas chilenos y extranjeros que disfrutan de sus experiencias culinarias.<br>Adriana Aguilar Lagos, gerente de la C\u00e1mara de Turismo de \u00daltima Esperanza, destac\u00f3 el prop\u00f3sito<br>que dio vida a este proyecto. \u201cSe trata de una acci\u00f3n muy importante que forma parte de la<br>estrategia que desarrollamos desde hace a\u00f1os como C\u00e1mara de Turismo de \u00daltima Esperanza,<br>potenciando la gastronom\u00eda que tienen nuestros socios y de Puerto Natales, como destino del cual<br>somos eslab\u00f3n. Es un proyecto que es posible con el apalancamiento de recursos que hemos hecho<br>como C\u00e1mara, y donde el co \u2013 financiamiento de CORFO, el apoyo de Codesser, de la<br>Municipalidad de Puerto Natales, de Aquachile y de nuestros socios, han hecho realidad que<br>contemos con esta importante iniciativa, que va en directo apoyo al rubro gastron\u00f3mico, con el<br>cual colocaremos en valor diferenciador nuestra propuesta culinaria, fortaleciendo el turismo<br>sostenible de nuestro territorio\u201d, expres\u00f3.<br>Oscar Strauch Bert\u00edn, director (S) de CORFO Magallanes y la Ant\u00e1rtica Chilena, explic\u00f3 la<br>importancia que reviste el proyecto para esta instituci\u00f3n. \u201cEste programa es muy relevante para<\/p>\n\n\n\n<p>nosotros. Porque por una parte estamos apoyando al turismo que es un sector estrat\u00e9gico para<br>nuestra direcci\u00f3n regional, pero tambi\u00e9n al sector gastron\u00f3mico, fomentando la innovaci\u00f3n de sus<br>empresas, con un encadenamiento productivo donde participan los elaboradores de los productos<br>locales, su producci\u00f3n primaria y procesamiento, proporcionando una oferta gastron\u00f3mica<br>mejorada e innovadora\u201d, precis\u00f3.<br>La Municipalidad de Puerto Natales participa como colaborador del proyecto. Su alcaldesa<br>Antonieta Oyarzo Alvarado, destac\u00f3 la importancia que tiene la iniciativa para la comuna. \u201cEsta es<br>una gran oportunidad para nuestra econom\u00eda local. Poder aunar todos los esfuerzos, voluntades y<br>creatividad en un proyecto de estas caracter\u00edsticas es algo en que nos enorgullece participar como<br>municipio. Felicito a la C\u00e1mara de Turismo de \u00daltima Esperanza, por dar este importante paso que<br>nos llevar\u00e1 a convertirnos en capital gastron\u00f3mica fortaleciendo nuestra actividad tur\u00edstica\u201d,<br>indic\u00f3.<br>Rub\u00e9n Lira Fern\u00e1ndez, es propietario de Ahumador R\u00edo Rubens y es socio de Caf\u00e9 Bar La<br>Escondida. Es parte de la cadena de turismo gastron\u00f3mico de Puerto Natales. El empresario valor\u00f3<br>el proyecto. \u201cComo productor y como emprendedor, creo que se trata de una iniciativa muy<br>importante, que dar\u00e1 buenos resultados, con un trabajo mancomunado y colaborativo teniendo a<br>la gastronom\u00eda como uno de nuestros elementos distintivos como destino\u201d, puntualiz\u00f3.<br>Gaynor Ferrada Mena, encargada de la Oficina de Turismo de la Municipalidad de Puerto Natales,<br>se sum\u00f3 a las palabras de los asistentes al lanzamiento. \u201cEsto es muy importante, porque Natales<br>siempre ha sido conocido como puerta de entrada al Parque Nacional Torres del Paine, pero esto<br>nos posiciona como destino en s\u00ed, visibilizando lo que hemos hecho desde hace muchos a\u00f1os, con<br>emprendedores de productos y propuestas gastron\u00f3micas de excelente nivel\u201d, manifest\u00f3.<\/p>\n\n\n\n<p><\/p>\n","protected":false},"excerpt":{"rendered":"<p>El proyecto tuvo su lanzamiento en un encuentro hecho en Puerto Natales, con la participaci\u00f3n deautoridades, representantes de gremios e integrantes del ecosistema del turismo y la gastronom\u00edade la comuna&#8230; <a class=\"read-more\" href=\"https:\/\/www.radiopresidenteibanez.cl\/web\/puerto-natales-se-convierte-en-capital-gastronomica-internacional\/\">Leer m\u00e1s<\/a><\/p>\n","protected":false},"author":2,"featured_media":46438,"comment_status":"closed","ping_status":"closed","sticky":false,"template":"","format":"standard","meta":{"footnotes":""},"categories":[1],"tags":[],"class_list":["post-46437","post","type-post","status-publish","format-standard","has-post-thumbnail","hentry","category-cronica"],"_links":{"self":[{"href":"https:\/\/www.radiopresidenteibanez.cl\/web\/wp-json\/wp\/v2\/posts\/46437","targetHints":{"allow":["GET"]}}],"collection":[{"href":"https:\/\/www.radiopresidenteibanez.cl\/web\/wp-json\/wp\/v2\/posts"}],"about":[{"href":"https:\/\/www.radiopresidenteibanez.cl\/web\/wp-json\/wp\/v2\/types\/post"}],"author":[{"embeddable":true,"href":"https:\/\/www.radiopresidenteibanez.cl\/web\/wp-json\/wp\/v2\/users\/2"}],"replies":[{"embeddable":true,"href":"https:\/\/www.radiopresidenteibanez.cl\/web\/wp-json\/wp\/v2\/comments?post=46437"}],"version-history":[{"count":0,"href":"https:\/\/www.radiopresidenteibanez.cl\/web\/wp-json\/wp\/v2\/posts\/46437\/revisions"}],"wp:featuredmedia":[{"embeddable":true,"href":"https:\/\/www.radiopresidenteibanez.cl\/web\/wp-json\/wp\/v2\/media\/46438"}],"wp:attachment":[{"href":"https:\/\/www.radiopresidenteibanez.cl\/web\/wp-json\/wp\/v2\/media?parent=46437"}],"wp:term":[{"taxonomy":"category","embeddable":true,"href":"https:\/\/www.radiopresidenteibanez.cl\/web\/wp-json\/wp\/v2\/categories?post=46437"},{"taxonomy":"post_tag","embeddable":true,"href":"https:\/\/www.radiopresidenteibanez.cl\/web\/wp-json\/wp\/v2\/tags?post=46437"}],"curies":[{"name":"wp","href":"https:\/\/api.w.org\/{rel}","templated":true}]}}