{"id":46430,"date":"2024-02-17T11:31:51","date_gmt":"2024-02-17T14:31:51","guid":{"rendered":"https:\/\/www.radiopresidenteibanez.cl\/web\/?p=46430"},"modified":"2024-02-17T11:32:03","modified_gmt":"2024-02-17T14:32:03","slug":"gasco-magallanes-respalda-realizacion-de-expogama-2024","status":"publish","type":"post","link":"https:\/\/www.radiopresidenteibanez.cl\/web\/gasco-magallanes-respalda-realizacion-de-expogama-2024\/","title":{"rendered":"GASCO Magallanes respalda realizaci\u00f3n de Expogama 2024"},"content":{"rendered":"\n<p>Con varias \u201csorpresas\u201d contar\u00e1 la participaci\u00f3n de GASCO Magallanes en la 71\u00aa versi\u00f3n de la Expogama, tradicional exposici\u00f3n ganadera que este a\u00f1o se realizar\u00e1n el 8, 9 y 10 de marzo en las instalaciones ubicadas en la esquina de avenida Bulnes con Manantiales.<\/p>\n\n\n\n<p>As\u00ed lo destac\u00f3 Basti\u00e1n Navarro, Subgerente Negocio GL, al asegurar que el mundo ganadero es parte del coraz\u00f3n de la regi\u00f3n. \u201cComo empresa de energ\u00eda tenemos soluciones que est\u00e1n desarrolladas, probadas en distintas industrias. Queremos ser un socio directo con el mundo ganadero, aportando con nuestras soluciones energ\u00e9ticas en la regi\u00f3n. Es una oportunidad de acercar el gas licuado al p\u00fablico en general y a los ganaderos\u201d, indic\u00f3 el ejecutivo.<\/p>\n\n\n\n<p>Durante el lanzamiento de esta actividad, Mery Ruiz, Gerente de Asogama dijo que la muestra contar\u00e1 con 140 ovinos en competencia de diferentes razas, m\u00e1s de 11 planteles, grupos folcl\u00f3ricos, muestra de ovinos, asado de cordero y vaquilla, juegos infantiles, granja educativa con muestra de esquila, granja de aves y muestra de llamas a cargo de Inia Kampenaike.<\/p>\n\n\n\n<p>Asimismo, destac\u00f3 la realizaci\u00f3n de la tradicional Muestra Canina que se desarrollar\u00e1 el domingo 10 de marzo, realizando una invitaci\u00f3n a la comunidad a inscribir a sus mascotas en el email&nbsp;<a href=\"mailto:expogama2024@gmail.com\" target=\"_blank\" rel=\"noreferrer noopener\">expogama2024@gmail.com<\/a><\/p>\n\n\n\n<p>Expogama 2024 tambi\u00e9n contar\u00e1 con una gran gama de expositores en el sal\u00f3n empresarial con productos regionales y artesan\u00edas.<\/p>\n\n\n\n<p>Justo con GASCO Magallanes, la actividad es respaldada por Enap, HNH Enegy y Emprensas Nandwani.<\/p>\n","protected":false},"excerpt":{"rendered":"<p>Con varias \u201csorpresas\u201d contar\u00e1 la participaci\u00f3n de GASCO Magallanes en la 71\u00aa versi\u00f3n de la Expogama, tradicional exposici\u00f3n ganadera que este a\u00f1o se realizar\u00e1n el 8, 9 y 10 de&#8230; <a class=\"read-more\" href=\"https:\/\/www.radiopresidenteibanez.cl\/web\/gasco-magallanes-respalda-realizacion-de-expogama-2024\/\">Leer m\u00e1s<\/a><\/p>\n","protected":false},"author":2,"featured_media":46431,"comment_status":"closed","ping_status":"closed","sticky":false,"template":"","format":"standard","meta":{"footnotes":""},"categories":[1],"tags":[],"class_list":["post-46430","post","type-post","status-publish","format-standard","has-post-thumbnail","hentry","category-cronica"],"_links":{"self":[{"href":"https:\/\/www.radiopresidenteibanez.cl\/web\/wp-json\/wp\/v2\/posts\/46430","targetHints":{"allow":["GET"]}}],"collection":[{"href":"https:\/\/www.radiopresidenteibanez.cl\/web\/wp-json\/wp\/v2\/posts"}],"about":[{"href":"https:\/\/www.radiopresidenteibanez.cl\/web\/wp-json\/wp\/v2\/types\/post"}],"author":[{"embeddable":true,"href":"https:\/\/www.radiopresidenteibanez.cl\/web\/wp-json\/wp\/v2\/users\/2"}],"replies":[{"embeddable":true,"href":"https:\/\/www.radiopresidenteibanez.cl\/web\/wp-json\/wp\/v2\/comments?post=46430"}],"version-history":[{"count":0,"href":"https:\/\/www.radiopresidenteibanez.cl\/web\/wp-json\/wp\/v2\/posts\/46430\/revisions"}],"wp:featuredmedia":[{"embeddable":true,"href":"https:\/\/www.radiopresidenteibanez.cl\/web\/wp-json\/wp\/v2\/media\/46431"}],"wp:attachment":[{"href":"https:\/\/www.radiopresidenteibanez.cl\/web\/wp-json\/wp\/v2\/media?parent=46430"}],"wp:term":[{"taxonomy":"category","embeddable":true,"href":"https:\/\/www.radiopresidenteibanez.cl\/web\/wp-json\/wp\/v2\/categories?post=46430"},{"taxonomy":"post_tag","embeddable":true,"href":"https:\/\/www.radiopresidenteibanez.cl\/web\/wp-json\/wp\/v2\/tags?post=46430"}],"curies":[{"name":"wp","href":"https:\/\/api.w.org\/{rel}","templated":true}]}}