{"id":46427,"date":"2024-02-16T18:17:00","date_gmt":"2024-02-16T21:17:00","guid":{"rendered":"https:\/\/www.radiopresidenteibanez.cl\/web\/?p=46427"},"modified":"2024-02-16T11:32:53","modified_gmt":"2024-02-16T14:32:53","slug":"este-sabado-retornan-atenciones-del-registro-civil-al-mall-espacio-urbano-pionero","status":"publish","type":"post","link":"https:\/\/www.radiopresidenteibanez.cl\/web\/este-sabado-retornan-atenciones-del-registro-civil-al-mall-espacio-urbano-pionero\/","title":{"rendered":"ESTE S\u00c1BADO RETORNAN ATENCIONES DEL REGISTRO CIVIL AL MALL ESPACIO URBANO PIONERO"},"content":{"rendered":"\n<p>El Servicio de Registro Civil e Identificaci\u00f3n (SRCEI) inform\u00f3 que este s\u00e1bado 17 de febrero, de<br>10:00 a 13:00 horas, volver\u00e1 a realizar un operativo de atenciones en el mall Espacio Urbano<br>Pionero de Punta Arenas, para tramitar solicitudes y entregas de c\u00e9dulas de identidad y<br>pasaportes, as\u00ed como el otorgamiento del c\u00f3digo de activaci\u00f3n de Clave \u00danica.<br>La Seremi (S) de Justicia y Derechos Humanos, Ver\u00f3nica Reyes Cea, formul\u00f3 un llamado a toda la<br>ciudadan\u00eda a acudir a esta iniciativa veraniega del servicio, la cual tendr\u00e1 lugar en el primer piso<br>del mencionado centro comercial, en el sector que da hacia la entrada del supermercado L\u00edder.<br>Agreg\u00f3 que dicha atenci\u00f3n extraordinaria se repetir\u00e1 tambi\u00e9n el pr\u00f3ximo s\u00e1bado 24, en horario<br>similar en este mismo establecimiento de Avenida Presidente Eduardo Frei Montalva N\u00b001110<br>Por otro lado, record\u00f3 que durante todos los martes del presente mes, el SRCEI dispondr\u00e1 de su<br>personal para atender a todos los usuarios y usuarias que lo requieran en la Zona Franca de Punta<br>Arenas: el martes 20 y el martes 27 de febrero, de 15:00 a 17:00 horas, en las afueras del m\u00f3dulo<br>central de Zona Franca (frente a farmacia Cruz Verde).<br>La autoridad inst\u00f3 a la comunidad a mantenerse atenta a la difusi\u00f3n sobre estos operativos de<br>atenci\u00f3n del Registro Civil a trav\u00e9s de las redes sociales del SRCEI y de la Secretar\u00eda Regional<br>Ministerial de Justicia y Derechos Humanos, y as\u00ed poder ser favorecida con un servicio expedito y<br>extendido en horarios, respecto de aquellos tr\u00e1mites m\u00e1s frecuentes durante este periodo estival.<\/p>\n","protected":false},"excerpt":{"rendered":"<p>El Servicio de Registro Civil e Identificaci\u00f3n (SRCEI) inform\u00f3 que este s\u00e1bado 17 de febrero, de10:00 a 13:00 horas, volver\u00e1 a realizar un operativo de atenciones en el mall Espacio&#8230; <a class=\"read-more\" href=\"https:\/\/www.radiopresidenteibanez.cl\/web\/este-sabado-retornan-atenciones-del-registro-civil-al-mall-espacio-urbano-pionero\/\">Leer m\u00e1s<\/a><\/p>\n","protected":false},"author":2,"featured_media":46428,"comment_status":"closed","ping_status":"closed","sticky":false,"template":"","format":"standard","meta":{"footnotes":""},"categories":[1],"tags":[],"class_list":["post-46427","post","type-post","status-publish","format-standard","has-post-thumbnail","hentry","category-cronica"],"_links":{"self":[{"href":"https:\/\/www.radiopresidenteibanez.cl\/web\/wp-json\/wp\/v2\/posts\/46427","targetHints":{"allow":["GET"]}}],"collection":[{"href":"https:\/\/www.radiopresidenteibanez.cl\/web\/wp-json\/wp\/v2\/posts"}],"about":[{"href":"https:\/\/www.radiopresidenteibanez.cl\/web\/wp-json\/wp\/v2\/types\/post"}],"author":[{"embeddable":true,"href":"https:\/\/www.radiopresidenteibanez.cl\/web\/wp-json\/wp\/v2\/users\/2"}],"replies":[{"embeddable":true,"href":"https:\/\/www.radiopresidenteibanez.cl\/web\/wp-json\/wp\/v2\/comments?post=46427"}],"version-history":[{"count":0,"href":"https:\/\/www.radiopresidenteibanez.cl\/web\/wp-json\/wp\/v2\/posts\/46427\/revisions"}],"wp:featuredmedia":[{"embeddable":true,"href":"https:\/\/www.radiopresidenteibanez.cl\/web\/wp-json\/wp\/v2\/media\/46428"}],"wp:attachment":[{"href":"https:\/\/www.radiopresidenteibanez.cl\/web\/wp-json\/wp\/v2\/media?parent=46427"}],"wp:term":[{"taxonomy":"category","embeddable":true,"href":"https:\/\/www.radiopresidenteibanez.cl\/web\/wp-json\/wp\/v2\/categories?post=46427"},{"taxonomy":"post_tag","embeddable":true,"href":"https:\/\/www.radiopresidenteibanez.cl\/web\/wp-json\/wp\/v2\/tags?post=46427"}],"curies":[{"name":"wp","href":"https:\/\/api.w.org\/{rel}","templated":true}]}}