{"id":46421,"date":"2024-02-16T15:39:00","date_gmt":"2024-02-16T18:39:00","guid":{"rendered":"https:\/\/www.radiopresidenteibanez.cl\/web\/?p=46421"},"modified":"2024-02-16T11:22:22","modified_gmt":"2024-02-16T14:22:22","slug":"autoridades-destacaron-acuerdo-entre-trabajadores-y-salmonera-siniestrada","status":"publish","type":"post","link":"https:\/\/www.radiopresidenteibanez.cl\/web\/autoridades-destacaron-acuerdo-entre-trabajadores-y-salmonera-siniestrada\/","title":{"rendered":"AUTORIDADES DESTACARON ACUERDO ENTRE TRABAJADORES Y SALMONERA SINIESTRADA"},"content":{"rendered":"\n<p>En una comunicaci\u00f3n formal realizada hoy alrededor de las 17 horas, el presidente del directorio de la salmonera, Cristian Sweett, y el director Gerardo Balbont\u00edn, informaron a las autoridades gubernamentales sobre la clausura de operaciones de la planta, la cual result\u00f3 completamente devastada tras el incendio del pasado domingo. Las causas del incidente se encuentran actualmente bajo investigaci\u00f3n, con los liquidadores de seguros tramitando los detalles correspondientes.<\/p>\n\n\n\n<p>Durante la reuni\u00f3n, que se extendi\u00f3 por m\u00e1s de una hora, los directivos fueron recibidos por el delegado presidencial regional (s), Andro Mimica, la seremi del Trabajo, Doris Sandoval, y la seremi de Econom\u00eda, Marlene Espa\u00f1a y asesores. En este encuentro, se notific\u00f3 la desvinculaci\u00f3n de alrededor de 714 trabajadores, abarcando contratos tanto a plazo fijo como indefinido. Permanecer\u00e1n en sus puestos aproximadamente 36 personas, quienes cuentan con fuero sindical, maternal y son parte del personal de seguridad.<\/p>\n\n\n\n<p>La decisi\u00f3n de cerrar la planta no solo responde a las p\u00e9rdidas materiales irreparables, sino tambi\u00e9n a la necesidad de reorganizar las operaciones de la empresa ante esta adversidad, seg\u00fan explicaron los directivos. Aunque la empresa se acogi\u00f3 a la causal de despido por caso fortuito o fuerza mayor, en conversaciones con los trabajadores se acord\u00f3 el pago total correspondiente por a\u00f1os de servicio.<\/p>\n\n\n\n<p>La titular del Trabajo destac\u00f3 que el gobierno respeta la autonom\u00eda sindical manifestada en las negociaciones y valora el acuerdo alcanzado que brinda cierta tranquilidad a los trabajadores. Desde el mismo domingo del siniestro, la Secretar\u00eda del Trabajo y sus servicios adjuntos pusieron a disposici\u00f3n de los dirigentes la informaci\u00f3n y orientaci\u00f3n necesaria para actuar en estos casos, anticip\u00e1ndose a todos los escenarios posibles.<\/p>\n\n\n\n<p>\u201cEl gobierno es respetuoso del ejercicio de la autonom\u00eda sindical desarrollado en las negociaciones y valoramos el acuerdo alcanzado que entrega cierta tranquilidad a los trabajadores\u201d, precis\u00f3 Sandoval.<\/p>\n\n\n\n<p>El delegado presidencial regional (s), Andro Mimica, indic\u00f3 que ahora se inicia el trabajo de capacitaci\u00f3n y reorientaci\u00f3n laboral para aquellos que lo soliciten. \u00abEst\u00e1 toda la oferta del Estado en la mesa para avanzar y colaborar con las familias afectadas. Desde el d\u00eda uno nos pusimos a disposici\u00f3n y sostuvimos reuniones con directivos y dirigentes\u00bb.<\/p>\n\n\n\n<p>Finalmente, los directivos de la empresa valoraron el encuentro y resaltaron que la fuerza laboral desvinculada cuenta con altos niveles de capacitaci\u00f3n, pudiendo desempe\u00f1arse con \u00e9xito en cualquier empresa del rubro.<\/p>\n","protected":false},"excerpt":{"rendered":"<p>En una comunicaci\u00f3n formal realizada hoy alrededor de las 17 horas, el presidente del directorio de la salmonera, Cristian Sweett, y el director Gerardo Balbont\u00edn, informaron a las autoridades gubernamentales&#8230; <a class=\"read-more\" href=\"https:\/\/www.radiopresidenteibanez.cl\/web\/autoridades-destacaron-acuerdo-entre-trabajadores-y-salmonera-siniestrada\/\">Leer m\u00e1s<\/a><\/p>\n","protected":false},"author":2,"featured_media":46422,"comment_status":"closed","ping_status":"closed","sticky":false,"template":"","format":"standard","meta":{"footnotes":""},"categories":[1],"tags":[],"class_list":["post-46421","post","type-post","status-publish","format-standard","has-post-thumbnail","hentry","category-cronica"],"_links":{"self":[{"href":"https:\/\/www.radiopresidenteibanez.cl\/web\/wp-json\/wp\/v2\/posts\/46421","targetHints":{"allow":["GET"]}}],"collection":[{"href":"https:\/\/www.radiopresidenteibanez.cl\/web\/wp-json\/wp\/v2\/posts"}],"about":[{"href":"https:\/\/www.radiopresidenteibanez.cl\/web\/wp-json\/wp\/v2\/types\/post"}],"author":[{"embeddable":true,"href":"https:\/\/www.radiopresidenteibanez.cl\/web\/wp-json\/wp\/v2\/users\/2"}],"replies":[{"embeddable":true,"href":"https:\/\/www.radiopresidenteibanez.cl\/web\/wp-json\/wp\/v2\/comments?post=46421"}],"version-history":[{"count":0,"href":"https:\/\/www.radiopresidenteibanez.cl\/web\/wp-json\/wp\/v2\/posts\/46421\/revisions"}],"wp:featuredmedia":[{"embeddable":true,"href":"https:\/\/www.radiopresidenteibanez.cl\/web\/wp-json\/wp\/v2\/media\/46422"}],"wp:attachment":[{"href":"https:\/\/www.radiopresidenteibanez.cl\/web\/wp-json\/wp\/v2\/media?parent=46421"}],"wp:term":[{"taxonomy":"category","embeddable":true,"href":"https:\/\/www.radiopresidenteibanez.cl\/web\/wp-json\/wp\/v2\/categories?post=46421"},{"taxonomy":"post_tag","embeddable":true,"href":"https:\/\/www.radiopresidenteibanez.cl\/web\/wp-json\/wp\/v2\/tags?post=46421"}],"curies":[{"name":"wp","href":"https:\/\/api.w.org\/{rel}","templated":true}]}}