{"id":46395,"date":"2024-02-15T16:09:00","date_gmt":"2024-02-15T19:09:00","guid":{"rendered":"https:\/\/www.radiopresidenteibanez.cl\/web\/?p=46395"},"modified":"2024-02-15T10:23:40","modified_gmt":"2024-02-15T13:23:40","slug":"servicio-de-salud-y-colmed-magallanes-firman-convenio-de-colaboracion","status":"publish","type":"post","link":"https:\/\/www.radiopresidenteibanez.cl\/web\/servicio-de-salud-y-colmed-magallanes-firman-convenio-de-colaboracion\/","title":{"rendered":"SERVICIO DE SALUD y COLMED MAGALLANES FIRMAN CONVENIO DE COLABORACION"},"content":{"rendered":"\n<p>Con el claro objetivo de contribuir a la disminuci\u00f3n de las listas de espera de la Red Asistencial de Magallanes, la directora del Servicio de Salud, Ver\u00f3nica Y\u00e1\u00f1ez, junto al presidente del Colegio M\u00e9dico de Magallanes, Dr. Jos\u00e9 Antonio Sep\u00falveda, suscribieron un convenio de colaboraci\u00f3n, tendiente a la realizaci\u00f3n de rondas m\u00e9dicas en el territorio.<\/p>\n\n\n\n<p>El convenio, que tiene vigencia al 31 de diciembre de 2024, pero puede ser prorrogado anualmente, establece el trabajo conjunto para la materializaci\u00f3n de operativos m\u00e9dicos, donde COLMED Magallanes realizar\u00e1 Rondas M\u00e9dicas para la ejecuci\u00f3n de atenciones ambulatorias, considerando consulta de especialidad, intervenciones quir\u00fargicas y procedimientos; por su parte al Servicio de Salud le corresponder\u00e1 la coordinaci\u00f3n de la ronda y el pago de los costos asociados a las mismas, es decir, log\u00edsticos e insumos.<\/p>\n\n\n\n<p>Ver\u00f3nica Y\u00e1\u00f1ez, directora del Servicio de Salud, destac\u00f3 esta alianza virtuosa que se da entre COLMED y el Servicio de Salud, considerando que el trabajo a desarrollar involucra el compromiso del gobierno del Presidente Boric y de la Red de Salud, al disminuir los tiempos de espera y acortar las listas de espera existentes. \u201cParticularmente estamos avanzando en los territorios y para ello, firmamos un convenio de colaboraci\u00f3n con el Colegio M\u00e9dico, que nos permitir\u00e1 ir avanzando en primera instancia, en la provincia de \u00faltima Esperanza, con endoscopia adulto, consultas de traumatolog\u00eda infantil y cirug\u00edas infantiles ambulatorias\u201d, acot\u00f3 la autoridad de salud.<\/p>\n\n\n\n<p>La directora de Salud Magallanes, de igual forma resalt\u00f3 el hecho que las personas podr\u00e1n ver resuelto su requerimiento de salud en su territorio, sin necesidad de concurrir a Punta Arenas. \u201cLo que queremos propiciar es que la gente tenga su resoluci\u00f3n, ya sea de procedimiento, de consultas o quir\u00fargicas en su lugar de residencia, esto es muy importante porque tambi\u00e9n disminuye los costos para el sistema asistencial y a la vez, promueve que las personas tengan su resoluci\u00f3n en su lugar de origen sin tener que trasladarse a Punta Arenas como es habitual\u201d, acot\u00f3.<\/p>\n\n\n\n<p>Por su parte, el presidente de COLMED Magallanes, Dr. Jos\u00e9 Antonio Sep\u00falveda, destac\u00f3 que la Direcci\u00f3n de Servicio y el Colegio M\u00e9dico, est\u00e1n empe\u00f1ados en formalizar el trabajo asociativo previo, a fin de poder llevar las especialidades y subespecialidades a las distintas provincias. \u201cTenemos programadas visitas a los hospitales provinciales, que es donde m\u00e1s hace falta la presencia de especialistas, el acompa\u00f1amiento a los colegas generales de zona y el apoyo a los especialistas de establecimiento de mediana complejidad, como es el hospital de Natales, son tareas a desarrollar\u201d, indic\u00f3 el galeno.<\/p>\n\n\n\n<p>Agregando que, \u201ceste viernes tenemos nuestro primer operativo entre el Colegio M\u00e9dico y la Direcci\u00f3n del Servicio de Salud, vamos a resolver traumatolog\u00eda infantil, cirug\u00eda pedi\u00e1trica y vamos a hacer endoscopias digestivas; para abril, tenemos planificado otras actividades con cardiolog\u00eda para hacer eco cardio, otorrino tambi\u00e9n, m\u00e1s traumatolog\u00eda infantil, que es una necesidad importante tanto en Porvenir como Puerto Williams, considerando que son visitas que tenemos que hacer antes que llegue el invierno. Para el primer semestre de este 2024, tenemos comprometido a los menos una visita a cada hospital provincial\u201d, puntualiz\u00f3 el Dr. Sep\u00falveda.<\/p>\n\n\n\n<p>Finalmente, Ver\u00f3nica Y\u00e1\u00f1ez, agradeci\u00f3 el constante compromiso y trabajo del Colegio M\u00e9dico. \u201cEn t\u00e9rminos concretos, se est\u00e1n comprometiendo con la resoluci\u00f3n quir\u00fargica ambulatoria, as\u00ed como tambi\u00e9n con procedimientos, pero tambi\u00e9n el Colegio, nos est\u00e1 colaborando constantemente en la tracci\u00f3n de especialistas para que podamos resolver nuestras listas de espera y acortar los tiempos de espera de nuestros usuarios y usuarias\u201d, enfatiz\u00f3 la gestora de la Red Asistencial.<\/p>\n","protected":false},"excerpt":{"rendered":"<p>Con el claro objetivo de contribuir a la disminuci\u00f3n de las listas de espera de la Red Asistencial de Magallanes, la directora del Servicio de Salud, Ver\u00f3nica Y\u00e1\u00f1ez, junto al&#8230; <a class=\"read-more\" href=\"https:\/\/www.radiopresidenteibanez.cl\/web\/servicio-de-salud-y-colmed-magallanes-firman-convenio-de-colaboracion\/\">Leer m\u00e1s<\/a><\/p>\n","protected":false},"author":2,"featured_media":46396,"comment_status":"closed","ping_status":"closed","sticky":false,"template":"","format":"standard","meta":{"footnotes":""},"categories":[1],"tags":[],"class_list":["post-46395","post","type-post","status-publish","format-standard","has-post-thumbnail","hentry","category-cronica"],"_links":{"self":[{"href":"https:\/\/www.radiopresidenteibanez.cl\/web\/wp-json\/wp\/v2\/posts\/46395","targetHints":{"allow":["GET"]}}],"collection":[{"href":"https:\/\/www.radiopresidenteibanez.cl\/web\/wp-json\/wp\/v2\/posts"}],"about":[{"href":"https:\/\/www.radiopresidenteibanez.cl\/web\/wp-json\/wp\/v2\/types\/post"}],"author":[{"embeddable":true,"href":"https:\/\/www.radiopresidenteibanez.cl\/web\/wp-json\/wp\/v2\/users\/2"}],"replies":[{"embeddable":true,"href":"https:\/\/www.radiopresidenteibanez.cl\/web\/wp-json\/wp\/v2\/comments?post=46395"}],"version-history":[{"count":0,"href":"https:\/\/www.radiopresidenteibanez.cl\/web\/wp-json\/wp\/v2\/posts\/46395\/revisions"}],"wp:featuredmedia":[{"embeddable":true,"href":"https:\/\/www.radiopresidenteibanez.cl\/web\/wp-json\/wp\/v2\/media\/46396"}],"wp:attachment":[{"href":"https:\/\/www.radiopresidenteibanez.cl\/web\/wp-json\/wp\/v2\/media?parent=46395"}],"wp:term":[{"taxonomy":"category","embeddable":true,"href":"https:\/\/www.radiopresidenteibanez.cl\/web\/wp-json\/wp\/v2\/categories?post=46395"},{"taxonomy":"post_tag","embeddable":true,"href":"https:\/\/www.radiopresidenteibanez.cl\/web\/wp-json\/wp\/v2\/tags?post=46395"}],"curies":[{"name":"wp","href":"https:\/\/api.w.org\/{rel}","templated":true}]}}