{"id":46377,"date":"2024-02-15T09:05:16","date_gmt":"2024-02-15T12:05:16","guid":{"rendered":"https:\/\/www.radiopresidenteibanez.cl\/web\/?p=46377"},"modified":"2024-02-15T09:05:21","modified_gmt":"2024-02-15T12:05:21","slug":"representacion-teatral-para-conmemorar-ochenta-anos-del-monumento-al-ovejero","status":"publish","type":"post","link":"https:\/\/www.radiopresidenteibanez.cl\/web\/representacion-teatral-para-conmemorar-ochenta-anos-del-monumento-al-ovejero\/","title":{"rendered":"REPRESENTACION TEATRAL PARA CONMEMORAR OCHENTA A\u00d1OS DEL MONUMENTO AL OVEJERO"},"content":{"rendered":"\n<p>\u00abRecuerdos de Don Abel, la historia del ovejero de mi tierra\u00bb. As\u00ed se denomina la<br>intervenci\u00f3n teatral, a cargo del actor Juan Aro y con la cual se celebrar\u00e1n ocho<br>d\u00e9cadas de la inauguraci\u00f3n del Monumento al Ovejero, obra \u00edcono de la ciudad<br>de Punta Arenas.<br>La puesta en escena, que se efectuar\u00e1 este domingo 18 de febrero, a las 17.00<br>horas, en avenida Presidente Manuel Bulnes de Punta Arenas, a la altura de la<br>intersecci\u00f3n con calle Santos Mardones, espacio en el que se encuentra<br>emplazada la escultora elaborada por Germ\u00e1n Montero, es un reconocimiento no<br>s\u00f3lo a la estructura que se ha convertido en referente y sitio obligado para las y<br>los visitantes que llegan a la regi\u00f3n de Magallanes.<br>\u201cEL modelo a seguir (para la creaci\u00f3n de la escultura) fue un ovejero de la<br>estancia Mina Rica, llamado Abel Oyarz\u00fan y seleccionado por el poeta Jos\u00e9<br>Grimaldi, autor del poema al ovejero. En memoria a don Abel y a todos los<br>ovejeros y trabajadores rurales de Magallanes, queremos conmemorar este hito,<br>estos 80 a\u00f1os y realzar la figura del trabajador de campo y su aporte a la<br>econom\u00eda y desarrollo de nuestra regi\u00f3n\u201d, explic\u00f3 Aro.<br>La presentaci\u00f3n, abierta a todo p\u00fablico, se concretar\u00e1 gracias al apoyo de la<br>Seremi de las Culturas, las Artes y el Patrimonio, en el marco de acciones que<br>tiene como prop\u00f3sito valorar y difundir el patrimonio cultural local.<br>\u201cCon esta acci\u00f3n art\u00edstica estamos resaltando el patrimonio inmaterial y material<br>de la regi\u00f3n. Este es un reconocimiento a los trabajadores del campo<br>magall\u00e1nico, sus costumbres y tradiciones que forman parte de la idiosincrasia<br>patag\u00f3nica. Adem\u00e1s, ponemos en valor este \u00edcono de la ciudad de Punta Arenas,<\/p>\n\n\n\n<p>al cumplirse 80 a\u00f1os de la creaci\u00f3n de la obra\u201d, coment\u00f3 la Seremi de las<br>Culturas, las Artes y el Patrimonio, Carolina Herrera.<br>La intervenci\u00f3n, cuya duraci\u00f3n ser\u00e1 de 45 minutos, es un mon\u00f3logo que narra la<br>vida y aventuras de Abel Oyarz\u00fan.<br>La escultura incluye doce figuras de bronce: el ovejero, su caballo, dos perros y<br>ocho ovejas. Fue encomendada al escultor Germ\u00e1n Montero, quien en 1943 se<br>desempe\u00f1aba como profesor de la Escuela Industrial de Punta Arenas. Para la<br>elaboraci\u00f3n tom\u00f3 como referencia fragmentos del poema \u201cEl ovejero de mi<br>tierra\u201d, del poeta magall\u00e1nico Jos\u00e9 Grimaldi. El monumento fue inaugurado<br>oficialmente el 18 de febrero de 1944 e inicialmente confeccionado en granito.<\/p>\n","protected":false},"excerpt":{"rendered":"<p>\u00abRecuerdos de Don Abel, la historia del ovejero de mi tierra\u00bb. As\u00ed se denomina laintervenci\u00f3n teatral, a cargo del actor Juan Aro y con la cual se celebrar\u00e1n ochod\u00e9cadas de&#8230; <a class=\"read-more\" href=\"https:\/\/www.radiopresidenteibanez.cl\/web\/representacion-teatral-para-conmemorar-ochenta-anos-del-monumento-al-ovejero\/\">Leer m\u00e1s<\/a><\/p>\n","protected":false},"author":2,"featured_media":46378,"comment_status":"closed","ping_status":"closed","sticky":false,"template":"","format":"standard","meta":{"footnotes":""},"categories":[1],"tags":[],"class_list":["post-46377","post","type-post","status-publish","format-standard","has-post-thumbnail","hentry","category-cronica"],"_links":{"self":[{"href":"https:\/\/www.radiopresidenteibanez.cl\/web\/wp-json\/wp\/v2\/posts\/46377","targetHints":{"allow":["GET"]}}],"collection":[{"href":"https:\/\/www.radiopresidenteibanez.cl\/web\/wp-json\/wp\/v2\/posts"}],"about":[{"href":"https:\/\/www.radiopresidenteibanez.cl\/web\/wp-json\/wp\/v2\/types\/post"}],"author":[{"embeddable":true,"href":"https:\/\/www.radiopresidenteibanez.cl\/web\/wp-json\/wp\/v2\/users\/2"}],"replies":[{"embeddable":true,"href":"https:\/\/www.radiopresidenteibanez.cl\/web\/wp-json\/wp\/v2\/comments?post=46377"}],"version-history":[{"count":0,"href":"https:\/\/www.radiopresidenteibanez.cl\/web\/wp-json\/wp\/v2\/posts\/46377\/revisions"}],"wp:featuredmedia":[{"embeddable":true,"href":"https:\/\/www.radiopresidenteibanez.cl\/web\/wp-json\/wp\/v2\/media\/46378"}],"wp:attachment":[{"href":"https:\/\/www.radiopresidenteibanez.cl\/web\/wp-json\/wp\/v2\/media?parent=46377"}],"wp:term":[{"taxonomy":"category","embeddable":true,"href":"https:\/\/www.radiopresidenteibanez.cl\/web\/wp-json\/wp\/v2\/categories?post=46377"},{"taxonomy":"post_tag","embeddable":true,"href":"https:\/\/www.radiopresidenteibanez.cl\/web\/wp-json\/wp\/v2\/tags?post=46377"}],"curies":[{"name":"wp","href":"https:\/\/api.w.org\/{rel}","templated":true}]}}