{"id":46372,"date":"2024-02-14T16:31:00","date_gmt":"2024-02-14T19:31:00","guid":{"rendered":"https:\/\/www.radiopresidenteibanez.cl\/web\/?p=46372"},"modified":"2024-02-14T11:33:42","modified_gmt":"2024-02-14T14:33:42","slug":"slep-magallanes-despacho-a-valparaiso-utiles-escolares-recolectados-en-campana","status":"publish","type":"post","link":"https:\/\/www.radiopresidenteibanez.cl\/web\/slep-magallanes-despacho-a-valparaiso-utiles-escolares-recolectados-en-campana\/","title":{"rendered":"SLEP MAGALLANES DESPACHO A VALPARAISO UTILES ESCOLARES RECOLECTADOS EN CAMPA\u00d1A"},"content":{"rendered":"\n<p>Ya est\u00e1 rumbo al norte del pa\u00eds un cami\u00f3n que transporta distintos tipos de ayuda destinadas a las<br>familias afectadas por los incendios que arrasaron diversos sectores en la Regi\u00f3n de Valpara\u00edso.<br>Parte de esa valiosa carga son los cerca de 3 mil \u00fatiles escolares reunidos en una campa\u00f1a que<br>organiz\u00f3 el Servicio Local de Educaci\u00f3n P\u00fablica de Magallanes.<br>La jornada de recepci\u00f3n de los aportes se efectu\u00f3 el viernes 9 de febrero en el Liceo Sara Braun,<br>con la colaboraci\u00f3n de un grupo de voluntarios convocados por el Instituto de la Juventud y los<br>Clubes de Leones de la zona. El traslado, en tanto, se coordin\u00f3 con el gremio de carga terrestre y<br>se concret\u00f3 en un cami\u00f3n de la empresa Cono Sur.<br>Entre las distintas y urgentes necesidades de las familias que perdieron sus casas y enseres por el<br>fuego surgi\u00f3 tambi\u00e9n la de ni\u00f1as, ni\u00f1os y j\u00f3venes que est\u00e1n a pocas semanas de iniciar el a\u00f1o<br>escolar por lo que, en coordinaci\u00f3n con el Servicio Local de Educaci\u00f3n P\u00fablica Valpara\u00edso, se<br>orient\u00f3 la campa\u00f1a a cubrir las necesidades de cuadernos, l\u00e1pices, mochilas y otros implementos.<br>El director ejecutivo del Slep Magallanes, Mario Garc\u00eda Mart\u00ednez, agradeci\u00f3 a quienes hicieron<br>aportes de \u00fatiles escolares y a los voluntarios que sumaron su trabajo en esta campa\u00f1a solidaria.<\/p>\n","protected":false},"excerpt":{"rendered":"<p>Ya est\u00e1 rumbo al norte del pa\u00eds un cami\u00f3n que transporta distintos tipos de ayuda destinadas a lasfamilias afectadas por los incendios que arrasaron diversos sectores en la Regi\u00f3n de&#8230; <a class=\"read-more\" href=\"https:\/\/www.radiopresidenteibanez.cl\/web\/slep-magallanes-despacho-a-valparaiso-utiles-escolares-recolectados-en-campana\/\">Leer m\u00e1s<\/a><\/p>\n","protected":false},"author":2,"featured_media":46373,"comment_status":"closed","ping_status":"closed","sticky":false,"template":"","format":"standard","meta":{"footnotes":""},"categories":[1],"tags":[],"class_list":["post-46372","post","type-post","status-publish","format-standard","has-post-thumbnail","hentry","category-cronica"],"_links":{"self":[{"href":"https:\/\/www.radiopresidenteibanez.cl\/web\/wp-json\/wp\/v2\/posts\/46372","targetHints":{"allow":["GET"]}}],"collection":[{"href":"https:\/\/www.radiopresidenteibanez.cl\/web\/wp-json\/wp\/v2\/posts"}],"about":[{"href":"https:\/\/www.radiopresidenteibanez.cl\/web\/wp-json\/wp\/v2\/types\/post"}],"author":[{"embeddable":true,"href":"https:\/\/www.radiopresidenteibanez.cl\/web\/wp-json\/wp\/v2\/users\/2"}],"replies":[{"embeddable":true,"href":"https:\/\/www.radiopresidenteibanez.cl\/web\/wp-json\/wp\/v2\/comments?post=46372"}],"version-history":[{"count":0,"href":"https:\/\/www.radiopresidenteibanez.cl\/web\/wp-json\/wp\/v2\/posts\/46372\/revisions"}],"wp:featuredmedia":[{"embeddable":true,"href":"https:\/\/www.radiopresidenteibanez.cl\/web\/wp-json\/wp\/v2\/media\/46373"}],"wp:attachment":[{"href":"https:\/\/www.radiopresidenteibanez.cl\/web\/wp-json\/wp\/v2\/media?parent=46372"}],"wp:term":[{"taxonomy":"category","embeddable":true,"href":"https:\/\/www.radiopresidenteibanez.cl\/web\/wp-json\/wp\/v2\/categories?post=46372"},{"taxonomy":"post_tag","embeddable":true,"href":"https:\/\/www.radiopresidenteibanez.cl\/web\/wp-json\/wp\/v2\/tags?post=46372"}],"curies":[{"name":"wp","href":"https:\/\/api.w.org\/{rel}","templated":true}]}}