{"id":46363,"date":"2024-02-14T11:35:00","date_gmt":"2024-02-14T14:35:00","guid":{"rendered":"https:\/\/www.radiopresidenteibanez.cl\/web\/?p=46363"},"modified":"2024-02-14T10:03:02","modified_gmt":"2024-02-14T13:03:02","slug":"boletin-informativo-orbe-11","status":"publish","type":"post","link":"https:\/\/www.radiopresidenteibanez.cl\/web\/boletin-informativo-orbe-11\/","title":{"rendered":"BOLETIN INFORMATIVO ORBE"},"content":{"rendered":"\n<p>SANTIAGO.- La Direcci\u00f3n de Presupuestos, Dipres, afirm\u00f3 que<br>la compra de veh\u00edculos para Poder Judicial no est\u00e1n dentro<br>del Presupuesto 2024. Esto, ante la decisi\u00f3n de la entidad de<br>renovar los autos que usan los ministros de la Corte Suprema.<br>La opci\u00f3n son unos Lexus, avaluados en m\u00e1s de 50 millones de<br>pesos cada uno.<\/p>\n\n\n\n<p>SANTIAGO.- Ante esto, precis\u00f3 que \u00abla Ley de Presupuestos<br>2024 aprobada por el Congreso no incluye recursos asignados<br>para la adquisici\u00f3n ni renovaci\u00f3n de veh\u00edculos para el Poder<br>Judicial. Si bien se solicitaron recursos para aquello, estos<br>no fueron incluidos en la propuesta enviada al Congreso por<br>parte del Ejecutivo\u00bb. Adem\u00e1s, agreg\u00f3 que el Ministerio de<br>Hacienda no ha realizado ninguna modificaci\u00f3n presupuestaria<br>al respecto\u00bb.<\/p>\n\n\n\n<p>SANTIAGO.- Adem\u00e1s, la Dipres apunt\u00f3 que \u00absin perjuicio de lo<br>anterior, cabe hacer presente que en el sector p\u00fablico la<br>compra de veh\u00edculos est\u00e1 sujeta a montos m\u00e1ximos, los cuales<br>quedan establecidos en el instructivo dictado por Dipres y el<br>Ministerio de Hacienda para la ejecuci\u00f3n de la Ley de<br>Presupuestos 2024&#8243;. \u00abEl Poder Judicial es aut\u00f3nomo en la<br>ejecuci\u00f3n de su presupuesto, por lo tanto, no requiere la<br>autorizaci\u00f3n en los casos en que tenga recursos asignados<br>seg\u00fan la Ley de Presupuestos vigente\u00bb, aclar\u00f3.<\/p>\n\n\n\n<p>SANTIAGO.- El ministro de Hacienda, Mario Marcel, descart\u00f3 la<br>incidencia del Gobierno en la compra de autos de lujo para la<br>Corte Suprema, luego de conocerse que la entidad aprob\u00f3 la<br>compra de 22 autom\u00f3viles de lujo para sus ministros, con un<br>costo total de mil 253 millones de pesos. Esto, luego de que<br>el exministro de la Corte Suprema Milton Juica, defendiera la<br>decisi\u00f3n, diciendo que \u00abeso no lo decide la Corte Suprema, lo<br>decide el Ministerio de Hacienda que asigna los recursos\u00bb.<\/p>\n\n\n\n<p>SANTIAGO.- Al respecto, Marcel descart\u00f3 cualquier incidencia<br>que haya tenido el Gobierno en esta decisi\u00f3n. \u00abEl Poder<br>Judicial es un poder aut\u00f3nomo del Estado y, por lo tanto,<br>tanto las decisiones de car\u00e1cter presupuestario como de lo<br>que es la administraci\u00f3n de justicia, corresponde a sus<br>\u00f3rganos internos de decisi\u00f3n, como es en el caso de todo el<br>manejo presupuestario de la corporaci\u00f3n administrativa y por<br>supuesto la Corte Suprema como autoridad m\u00e1xima del Poder<br>Judicial\u00bb, precis\u00f3.<\/p>\n\n\n\n<p>SANTIAGO.- El Ministerio P\u00fablico se hizo presente en las<br>dependencias de la Direcci\u00f3n General de Aeron\u00e1utica Civil,<br>DGAC, en Cerrillos, donde se est\u00e1 realizando la investigaci\u00f3n<br>t\u00e9cnica que busca dilucidar la falla del helic\u00f3ptero del<br>expresidente Sebasti\u00e1n Pi\u00f1era, en el que muri\u00f3 el 6 de<br>febrero. El fiscal a cargo de la investigaci\u00f3n, Eugenio<br>Campos, detall\u00f3 que \u00abno se trata de una investigaci\u00f3n que en<br>un par de meses va a estar acabada, la experiencia indica,<br>que van hacer alrededor de 8 y 10 meses, pero eso es<br>preliminar\u00bb, precis\u00f3.<\/p>\n\n\n\n<p>SANTIAGO.- Campos a\u00f1adi\u00f3 que \u00abson investigaciones de largo<br>aliento, con la toma de declaraciones, el trabajo que est\u00e1<br>realizando la Polic\u00eda de Investigaciones en su laboratorio de<br>criminal\u00edstica, hay convergencia de fuerzas realizadas por la<br>Armada de Chile; la misma DGAC, y la Fiscal\u00eda\u00bb. \u00abUna vez<br>reunido todo y cada uno de los antecedentes, podemos tener<br>luz respecto a esta investigaci\u00f3n\u00bb. El fiscal fue designado<br>por su experiencia en el caso del H\u00e9rcules C130 de la Fuerza<br>A\u00e9rea que cay\u00f3 al Mar de Drake, dejando 38 fallecidos en<br>2019.<\/p>\n\n\n\n<p>VALPARAISO.- Despu\u00e9s de los devastadores incendios en la<br>Regi\u00f3n de Valpara\u00edso, el subsecretario del Interior, Manuel<br>Monsalve, se refiri\u00f3 a las distintas indagatorias por por el<br>tr\u00e1gico suceso y se\u00f1al\u00f3 que \u00ablas responsabilidades tendr\u00e1n<br>que ser asumidas\u00bb. Monsalve inform\u00f3 que \u00abse tiene que<br>analizar si es que todas las instituciones del Estado<br>respondieron de manera adecuada, y obviamente si hubiera<br>responsabilidades, esas responsabilidades tendr\u00e1n que ser<br>asumidas\u00bb.<\/p>\n\n\n\n<p>VALPARAISO.- En esa l\u00ednea, el subsecretario precis\u00f3 que \u00abel<br>Ministerio P\u00fablico va a hacer una investigaci\u00f3n de la<br>eventual arista penal\u00bb, mientras que \u00abel Gobierno va a<br>instruir una auditor\u00eda tanto a Senapred y -a trav\u00e9s del<br>Ministerio de Cultura- a Conaf. Eso, porque son los primeros<br>organismos t\u00e9cnicos que responden a las emergencias de esta<br>naturaleza\u00bb.<\/p>\n\n\n\n<p>VALPARAISO.- Durante un visita a brigadistas de la Conaf en<br>el sector de Rodelillo en la comuna de Valpara\u00edso, el<br>ministro de Agricultura, Esteban Valenzuela, abord\u00f3 la<br>posibilidad de una probable intencionalidad en los incendios<br>que aquejaron a la regi\u00f3n, asegurando que en ellos hay \u00abuna<br>clara organizaci\u00f3n criminal\u00bb.Esto, luego que se hallara<br>cenizas con hidrocarburos en el sector de Pe\u00f1uelas.<\/p>\n\n\n\n<p>VALPARAISO.- Ante esto, Valenzuela se\u00f1al\u00f3 que \u00abuna sola<br>persona no genera cuatro focos trotando a 1,7 kil\u00f3metros de<br>distancia uno de otro, pero dejemos que la justicia pueda<br>investigar\u00bb. Asimismo, a\u00f1adi\u00f3 que, adem\u00e1s de la presunta<br>intencionalidad, \u00abeste incendio tremendo se produce por<br>causas doblemente estructurales, que son estos huracanes de<br>fuego producto del cambio clim\u00e1tico, temperaturas altas y<br>viento sobre los 60 kil\u00f3metros por hora\u00bb.<\/p>\n\n\n\n<p><\/p>\n\n\n\n<p><\/p>\n\n\n\n<p><\/p>\n\n\n\n<p><br><\/p>\n\n\n\n<p>VALPARAISO.- Despu\u00e9s de los devastadores incendios en la<br>Regi\u00f3n de Valpara\u00edso, el subsecretario del Interior, Manuel<br>Monsalve, se refiri\u00f3 a las distintas indagatorias por por el<br>tr\u00e1gico suceso y se\u00f1al\u00f3 que \u00ablas responsabilidades tendr\u00e1n<br>que ser asumidas\u00bb. Monsalve inform\u00f3 que \u00abse tiene que<br>analizar si es que todas las instituciones del Estado<br>respondieron de manera adecuada, y obviamente si hubiera<br>responsabilidades, esas responsabilidades tendr\u00e1n que ser<br>asumidas\u00bb.<\/p>\n\n\n\n<p>VALPARAISO.- En esa l\u00ednea, el subsecretario precis\u00f3 que \u00abel<br>Ministerio P\u00fablico va a hacer una investigaci\u00f3n de la<br>eventual arista penal\u00bb, mientras que \u00abel Gobierno va a<br>instruir una auditor\u00eda tanto a Senapred y -a trav\u00e9s del<br>Ministerio de Cultura- a Conaf. Eso, porque son los primeros<br>organismos t\u00e9cnicos que responden a las emergencias de esta<br>naturaleza\u00bb.<\/p>\n\n\n\n<p>VALPARAISO.- Durante un visita a brigadistas de la Conaf en<br>el sector de Rodelillo en la comuna de Valpara\u00edso, el<br>ministro de Agricultura, Esteban Valenzuela, abord\u00f3 la<br>posibilidad de una probable intencionalidad en los incendios<br>que aquejaron a la regi\u00f3n, asegurando que en ellos hay \u00abuna<br>clara organizaci\u00f3n criminal\u00bb.Esto, luego que se hallara<br>cenizas con hidrocarburos en el sector de Pe\u00f1uelas.<\/p>\n\n\n\n<p>VALPARAISO.- Ante esto, Valenzuela se\u00f1al\u00f3 que \u00abuna sola<br>persona no genera cuatro focos trotando a 1,7 kil\u00f3metros de<br>distancia uno de otro, pero dejemos que la justicia pueda<br>investigar\u00bb. Asimismo, a\u00f1adi\u00f3 que, adem\u00e1s de la presunta<br>intencionalidad, \u00abeste incendio tremendo se produce por<br>causas doblemente estructurales, que son estos huracanes de<br>fuego producto del cambio clim\u00e1tico, temperaturas altas y<br>viento sobre los 60 kil\u00f3metros por hora\u00bb.<\/p>\n","protected":false},"excerpt":{"rendered":"<p>SANTIAGO.- La Direcci\u00f3n de Presupuestos, Dipres, afirm\u00f3 quela compra de veh\u00edculos para Poder Judicial no est\u00e1n dentrodel Presupuesto 2024. Esto, ante la decisi\u00f3n de la entidad derenovar los autos que&#8230; <a class=\"read-more\" href=\"https:\/\/www.radiopresidenteibanez.cl\/web\/boletin-informativo-orbe-11\/\">Leer m\u00e1s<\/a><\/p>\n","protected":false},"author":2,"featured_media":46364,"comment_status":"closed","ping_status":"closed","sticky":false,"template":"","format":"standard","meta":{"footnotes":""},"categories":[1],"tags":[],"class_list":["post-46363","post","type-post","status-publish","format-standard","has-post-thumbnail","hentry","category-cronica"],"_links":{"self":[{"href":"https:\/\/www.radiopresidenteibanez.cl\/web\/wp-json\/wp\/v2\/posts\/46363","targetHints":{"allow":["GET"]}}],"collection":[{"href":"https:\/\/www.radiopresidenteibanez.cl\/web\/wp-json\/wp\/v2\/posts"}],"about":[{"href":"https:\/\/www.radiopresidenteibanez.cl\/web\/wp-json\/wp\/v2\/types\/post"}],"author":[{"embeddable":true,"href":"https:\/\/www.radiopresidenteibanez.cl\/web\/wp-json\/wp\/v2\/users\/2"}],"replies":[{"embeddable":true,"href":"https:\/\/www.radiopresidenteibanez.cl\/web\/wp-json\/wp\/v2\/comments?post=46363"}],"version-history":[{"count":0,"href":"https:\/\/www.radiopresidenteibanez.cl\/web\/wp-json\/wp\/v2\/posts\/46363\/revisions"}],"wp:featuredmedia":[{"embeddable":true,"href":"https:\/\/www.radiopresidenteibanez.cl\/web\/wp-json\/wp\/v2\/media\/46364"}],"wp:attachment":[{"href":"https:\/\/www.radiopresidenteibanez.cl\/web\/wp-json\/wp\/v2\/media?parent=46363"}],"wp:term":[{"taxonomy":"category","embeddable":true,"href":"https:\/\/www.radiopresidenteibanez.cl\/web\/wp-json\/wp\/v2\/categories?post=46363"},{"taxonomy":"post_tag","embeddable":true,"href":"https:\/\/www.radiopresidenteibanez.cl\/web\/wp-json\/wp\/v2\/tags?post=46363"}],"curies":[{"name":"wp","href":"https:\/\/api.w.org\/{rel}","templated":true}]}}