{"id":46360,"date":"2024-02-14T10:49:00","date_gmt":"2024-02-14T13:49:00","guid":{"rendered":"https:\/\/www.radiopresidenteibanez.cl\/web\/?p=46360"},"modified":"2024-02-14T09:35:53","modified_gmt":"2024-02-14T12:35:53","slug":"con-taller-de-robotica-y-programacion-la-seremi-de-ciencia-y-fundacion-mision-sur-celebraron-el-dia-de-la-mujer-y-la-nina-en-la-ciencia","status":"publish","type":"post","link":"https:\/\/www.radiopresidenteibanez.cl\/web\/con-taller-de-robotica-y-programacion-la-seremi-de-ciencia-y-fundacion-mision-sur-celebraron-el-dia-de-la-mujer-y-la-nina-en-la-ciencia\/","title":{"rendered":"Con taller de rob\u00f3tica y programaci\u00f3n la Seremi de Ciencia y Fundaci\u00f3n Misi\u00f3n Sur celebraron el D\u00eda de la Mujer y la Ni\u00f1a en la Ciencia"},"content":{"rendered":"\n<p>Con motivo del D\u00eda Internacional de la Mujer y la Ni\u00f1a en la Ciencia, que se celebra anualmente el 11 de febrero, la seremi de Ciencia, Tecnolog\u00eda, Conocimiento e Innovaci\u00f3n (CTCI), junto a Fundaci\u00f3n Misi\u00f3n Sur realizaron un taller de programaci\u00f3n y rob\u00f3tica con ni\u00f1as y ni\u00f1os con neurodiversidad basado en la metodolog\u00eda Lego Terapia, basada en juegos donde los y las participantes cumplen diferentes roles para lograr un objetivo com\u00fan, fomentando la comunicaci\u00f3n, colaboraci\u00f3n y creatividad, mientras se abordan temas relacionados con la socializaci\u00f3n, expresi\u00f3n emocional y el trabajo en equipo.<\/p>\n\n\n\n<p>En la oportunidad tambi\u00e9n se lanz\u00f3 oficialmente la campa\u00f1a comunicacional \u201c#YoQuieroSer: Mujeres y Ni\u00f1as en la Ciencia\u201d, serie de videos que ser\u00e1n publicados durante el a\u00f1o en las redes sociales de la seremi, donde ni\u00f1as y adolescentes cuentan qu\u00e9 profesi\u00f3n relacionada a las ciencias desean estudiar y por qu\u00e9, esto con el objetivo de mostrar el inter\u00e9s que tienen las nuevas generaciones por estas \u00e1reas.<\/p>\n\n\n\n<p>En este contexto la seremi de Ciencia, Ver\u00f3nica Vallejos, explic\u00f3 que \u201cnecesitamos reconocer los talentos del 50% de la poblaci\u00f3n y los aportes a todos los conocimientos y para ello qu\u00e9 mejor que aprovechar esta instancia de conmemoraci\u00f3n, y celebrar a estas ni\u00f1as que nos est\u00e1n acompa\u00f1ando hoy, que est\u00e1n avanzando a su propio ritmo en el desarrollo tecnol\u00f3gico y, por qu\u00e9 no, en el desarrollo cient\u00edfico cuando sean grandes. Queremos seguir incentivando a que las ni\u00f1as y las j\u00f3venes puedan pensar en ciencia, pero, adem\u00e1s, que logren cumplir su sue\u00f1o y estudiar carreras en estas \u00e1reas, que sean un aporte a la producci\u00f3n de nuestro pa\u00eds\u201d.<\/p>\n\n\n\n<p>\u201cDesde el gobierno del presidente Gabriel Boric, lo hemos dicho en Innumerables ocasiones, estamos armando distintas normativas y tratativas para que las mujeres se vayan integrando al quehacer de la ciencia, la tecnolog\u00eda y las matem\u00e1ticas, donde durante tanto tiempo han sido desplazadas\u201d, indic\u00f3 el delegado presidencial (s) Andro Mimica, quien agreg\u00f3 \u201clo que buscamos principalmente con este tipo de actividades, no solamente desde el gobierno, hoy d\u00eda impulsado por supuesto por nuestra seremi de Ciencia, si no tambi\u00e9n por las distintas instituciones de la sociedad civil organizada, como es Fundaci\u00f3n Misi\u00f3n Sur, es ir rompiendo brechas y paradigmas, que las ni\u00f1as sientan la confianza de que ellas tambi\u00e9n son capaces, porque tenemos la absoluta convicci\u00f3n que tienen todas las capacidades para poder desarrollarse en el futuro laboral, y que puedan hacer un gran aporte tambi\u00e9n para el desarrollo que tenemos&nbsp;en&nbsp;nuestro&nbsp;pa\u00eds\u201d.<\/p>\n\n\n\n<p>Apoyados por monitores de la fundaci\u00f3n Misi\u00f3n Sur, los ni\u00f1os y ni\u00f1as participaron de un taller donde buscaron soluci\u00f3n a un problema a trav\u00e9s de la programaci\u00f3n y la rob\u00f3tica utilizando la metodolog\u00eda&nbsp;Lego Terapia. En esta oportunidad su tarea consisti\u00f3 en armar autos con legos que pudieran moverse gracias a un sensor.<\/p>\n\n\n\n<p>En relaci\u00f3n a la incorporaci\u00f3n de ni\u00f1as en este tipo de iniciativas, Luis Navarro, director de la fundaci\u00f3n, coment\u00f3 que \u201ccuando nosotros reci\u00e9n comenzamos todo era muy t\u00edmido y pensado solamente en ni\u00f1os y nos dimos cuenta que la diversidad, en relaci\u00f3n a g\u00e9nero y a pensamiento, puede contribuir a una soluci\u00f3n multidisciplinar mucho m\u00e1s objetiva y mucho m\u00e1s clara. Las ni\u00f1as se han sumado con fuerza y finalmente juegan un rol fundamental en lo que estamos haciendo\u201d.<\/p>\n","protected":false},"excerpt":{"rendered":"<p>Con motivo del D\u00eda Internacional de la Mujer y la Ni\u00f1a en la Ciencia, que se celebra anualmente el 11 de febrero, la seremi de Ciencia, Tecnolog\u00eda, Conocimiento e Innovaci\u00f3n&#8230; <a class=\"read-more\" href=\"https:\/\/www.radiopresidenteibanez.cl\/web\/con-taller-de-robotica-y-programacion-la-seremi-de-ciencia-y-fundacion-mision-sur-celebraron-el-dia-de-la-mujer-y-la-nina-en-la-ciencia\/\">Leer m\u00e1s<\/a><\/p>\n","protected":false},"author":2,"featured_media":46361,"comment_status":"closed","ping_status":"closed","sticky":false,"template":"","format":"standard","meta":{"footnotes":""},"categories":[1],"tags":[],"class_list":["post-46360","post","type-post","status-publish","format-standard","has-post-thumbnail","hentry","category-cronica"],"_links":{"self":[{"href":"https:\/\/www.radiopresidenteibanez.cl\/web\/wp-json\/wp\/v2\/posts\/46360","targetHints":{"allow":["GET"]}}],"collection":[{"href":"https:\/\/www.radiopresidenteibanez.cl\/web\/wp-json\/wp\/v2\/posts"}],"about":[{"href":"https:\/\/www.radiopresidenteibanez.cl\/web\/wp-json\/wp\/v2\/types\/post"}],"author":[{"embeddable":true,"href":"https:\/\/www.radiopresidenteibanez.cl\/web\/wp-json\/wp\/v2\/users\/2"}],"replies":[{"embeddable":true,"href":"https:\/\/www.radiopresidenteibanez.cl\/web\/wp-json\/wp\/v2\/comments?post=46360"}],"version-history":[{"count":0,"href":"https:\/\/www.radiopresidenteibanez.cl\/web\/wp-json\/wp\/v2\/posts\/46360\/revisions"}],"wp:featuredmedia":[{"embeddable":true,"href":"https:\/\/www.radiopresidenteibanez.cl\/web\/wp-json\/wp\/v2\/media\/46361"}],"wp:attachment":[{"href":"https:\/\/www.radiopresidenteibanez.cl\/web\/wp-json\/wp\/v2\/media?parent=46360"}],"wp:term":[{"taxonomy":"category","embeddable":true,"href":"https:\/\/www.radiopresidenteibanez.cl\/web\/wp-json\/wp\/v2\/categories?post=46360"},{"taxonomy":"post_tag","embeddable":true,"href":"https:\/\/www.radiopresidenteibanez.cl\/web\/wp-json\/wp\/v2\/tags?post=46360"}],"curies":[{"name":"wp","href":"https:\/\/api.w.org\/{rel}","templated":true}]}}