{"id":4636,"date":"2019-05-29T15:24:49","date_gmt":"2019-05-29T15:24:49","guid":{"rendered":"http:\/\/www.radiopresidenteibanez.cl\/web\/?p=4636"},"modified":"2019-05-29T15:25:15","modified_gmt":"2019-05-29T15:25:15","slug":"grupo-de-ninas-scout-y-conaf-plantaron-arboles-en-plaza-suiza-de-punta-arenas","status":"publish","type":"post","link":"https:\/\/www.radiopresidenteibanez.cl\/web\/grupo-de-ninas-scout-y-conaf-plantaron-arboles-en-plaza-suiza-de-punta-arenas\/","title":{"rendered":"GRUPO DE NI\u00d1AS SCOUT Y CONAF PLANTARON \u00c1RBOLES EN PLAZA SUIZA DE PUNTA ARENAS"},"content":{"rendered":"\n<p>Desde esta semana, 18 nuevos arbolitos&nbsp; integran la conocida Plaza Suiza de Punta Arenas, ubicada en el sector de Avenida Espa\u00f1a&nbsp; con Kuzma Slavic, todo gracias&nbsp; a la gesti\u00f3n del gruposcout San Miguel junto a la Corporaci\u00f3n Nacional Forestal.<\/p>\n\n\n\n<p>Abedules, araucarias, le\u00f1aduras y lengas son las especies de \u00e1rboles que fueron plantadas por las ni\u00f1as de entre 7 a 10 a\u00f1os de la Unidad Bandada de Golondrinas Santa Teresa del Grupo Scout San Miguel, las que &nbsp;desarrollan sus actividades cada s\u00e1bado desde las 15 hrs. en adelante, ocasi\u00f3n que fue coordinada&nbsp; con el programa de arborizaci\u00f3n de Conaf \u201cUn Chileno, Un \u00e1rbol\u201d para realizar la plantaci\u00f3n.<\/p>\n\n\n\n<p>El lugar elegido gracias a la gesti\u00f3n de la Municipalidad de Punta Arenas es la Plaza Suiza de Punta Arenas, espacio que hace unas semanas tambi\u00e9n fue el escenario de otra plantaci\u00f3n de Conaf en conjunto con el jard\u00edn infantil \u201cJosefina Braun\u201d de la Fundaci\u00f3n Integra.<\/p>\n\n\n\n<p>El coordinador del programa de arborizaci\u00f3n de Conaf, Eric Ponce, se\u00f1al\u00f3 que la corporaci\u00f3n se encuentra abierta a este tipo de actividades con la comunidad cuando se trata de aportar con la plantaci\u00f3n de \u00e1rboles.<\/p>\n\n\n\n<p>\u201cNuestro objetivo adem\u00e1s de proteger el bosque es fomentar la plantaci\u00f3n de \u00e1rboles y sobre todo ense\u00f1ar a los m\u00e1s peque\u00f1os y peque\u00f1as que de esta forma se protege al planeta\u201d se\u00f1al\u00f3 Ponce.<\/p>\n\n\n\n<p>Personas naturales pueden inscribirse a las oficinas de CONAF, mientras que organizaciones sociales como juntas de vecinos, agrupaciones e instituciones p\u00fablicas y privadas, pueden generar una propuesta de acuerdo a sus necesidades para implementar en sus terrenos un proyecto de arborizaci\u00f3n, recibiendo el apoyo y asesor\u00eda de los funcionarios de la corporaci\u00f3n durante este proceso. A estas se suman a otras desarrolladas por CONAF como charlas a escuelas, capacitaci\u00f3n en plantaci\u00f3n de \u00e1rboles\u00a0 a funcionarios de instituciones p\u00fablicas y privadas;\u00a0 participaci\u00f3n en ferias del agro y fiestas campesinas que se realizan en distintas comunas de la regi\u00f3n.<\/p>\n\n\n\n<ul class=\"wp-block-gallery columns-2 is-cropped wp-block-gallery-1 is-layout-flex wp-block-gallery-is-layout-flex\"><li class=\"blocks-gallery-item\"><figure><img loading=\"lazy\" decoding=\"async\" width=\"900\" height=\"600\" src=\"http:\/\/www.radiopresidenteibanez.cl\/web\/wp-content\/uploads\/2019\/05\/plantaci\u00f3n-de-\u00e1rboles-grupo-scout-1.jpg\" alt=\"\" data-id=\"4638\" data-link=\"http:\/\/www.radiopresidenteibanez.cl\/web\/?attachment_id=4638\" class=\"wp-image-4638\" srcset=\"https:\/\/www.radiopresidenteibanez.cl\/web\/wp-content\/uploads\/2019\/05\/plantaci\u00f3n-de-\u00e1rboles-grupo-scout-1.jpg 900w, https:\/\/www.radiopresidenteibanez.cl\/web\/wp-content\/uploads\/2019\/05\/plantaci\u00f3n-de-\u00e1rboles-grupo-scout-1-300x200.jpg 300w, https:\/\/www.radiopresidenteibanez.cl\/web\/wp-content\/uploads\/2019\/05\/plantaci\u00f3n-de-\u00e1rboles-grupo-scout-1-768x512.jpg 768w\" sizes=\"auto, (max-width: 900px) 100vw, 900px\" \/><\/figure><\/li><li class=\"blocks-gallery-item\"><figure><img loading=\"lazy\" decoding=\"async\" width=\"900\" height=\"600\" src=\"http:\/\/www.radiopresidenteibanez.cl\/web\/wp-content\/uploads\/2019\/05\/plantaci\u00f3n-\u00e1rboles-scout-2.jpg\" alt=\"\" data-id=\"4637\" data-link=\"http:\/\/www.radiopresidenteibanez.cl\/web\/?attachment_id=4637\" class=\"wp-image-4637\" srcset=\"https:\/\/www.radiopresidenteibanez.cl\/web\/wp-content\/uploads\/2019\/05\/plantaci\u00f3n-\u00e1rboles-scout-2.jpg 900w, https:\/\/www.radiopresidenteibanez.cl\/web\/wp-content\/uploads\/2019\/05\/plantaci\u00f3n-\u00e1rboles-scout-2-300x200.jpg 300w, https:\/\/www.radiopresidenteibanez.cl\/web\/wp-content\/uploads\/2019\/05\/plantaci\u00f3n-\u00e1rboles-scout-2-768x512.jpg 768w\" sizes=\"auto, (max-width: 900px) 100vw, 900px\" \/><\/figure><\/li><\/ul>\n","protected":false},"excerpt":{"rendered":"<p>Desde esta semana, 18 nuevos arbolitos&nbsp; integran la conocida Plaza Suiza de Punta Arenas, ubicada en el sector de Avenida Espa\u00f1a&nbsp; con Kuzma Slavic, todo gracias&nbsp; a la gesti\u00f3n del&#8230; <a class=\"read-more\" href=\"https:\/\/www.radiopresidenteibanez.cl\/web\/grupo-de-ninas-scout-y-conaf-plantaron-arboles-en-plaza-suiza-de-punta-arenas\/\">Leer m\u00e1s<\/a><\/p>\n","protected":false},"author":2,"featured_media":4637,"comment_status":"closed","ping_status":"closed","sticky":false,"template":"","format":"standard","meta":{"footnotes":""},"categories":[1],"tags":[],"class_list":["post-4636","post","type-post","status-publish","format-standard","has-post-thumbnail","hentry","category-cronica"],"_links":{"self":[{"href":"https:\/\/www.radiopresidenteibanez.cl\/web\/wp-json\/wp\/v2\/posts\/4636","targetHints":{"allow":["GET"]}}],"collection":[{"href":"https:\/\/www.radiopresidenteibanez.cl\/web\/wp-json\/wp\/v2\/posts"}],"about":[{"href":"https:\/\/www.radiopresidenteibanez.cl\/web\/wp-json\/wp\/v2\/types\/post"}],"author":[{"embeddable":true,"href":"https:\/\/www.radiopresidenteibanez.cl\/web\/wp-json\/wp\/v2\/users\/2"}],"replies":[{"embeddable":true,"href":"https:\/\/www.radiopresidenteibanez.cl\/web\/wp-json\/wp\/v2\/comments?post=4636"}],"version-history":[{"count":0,"href":"https:\/\/www.radiopresidenteibanez.cl\/web\/wp-json\/wp\/v2\/posts\/4636\/revisions"}],"wp:featuredmedia":[{"embeddable":true,"href":"https:\/\/www.radiopresidenteibanez.cl\/web\/wp-json\/wp\/v2\/media\/4637"}],"wp:attachment":[{"href":"https:\/\/www.radiopresidenteibanez.cl\/web\/wp-json\/wp\/v2\/media?parent=4636"}],"wp:term":[{"taxonomy":"category","embeddable":true,"href":"https:\/\/www.radiopresidenteibanez.cl\/web\/wp-json\/wp\/v2\/categories?post=4636"},{"taxonomy":"post_tag","embeddable":true,"href":"https:\/\/www.radiopresidenteibanez.cl\/web\/wp-json\/wp\/v2\/tags?post=4636"}],"curies":[{"name":"wp","href":"https:\/\/api.w.org\/{rel}","templated":true}]}}