{"id":46353,"date":"2024-02-14T09:07:28","date_gmt":"2024-02-14T12:07:28","guid":{"rendered":"https:\/\/www.radiopresidenteibanez.cl\/web\/?p=46353"},"modified":"2024-02-14T09:07:38","modified_gmt":"2024-02-14T12:07:38","slug":"seremi-de-la-mujer-busca-distinguir-a-magallanicas-destacadas-el-proximo-08-de-marzo","status":"publish","type":"post","link":"https:\/\/www.radiopresidenteibanez.cl\/web\/seremi-de-la-mujer-busca-distinguir-a-magallanicas-destacadas-el-proximo-08-de-marzo\/","title":{"rendered":"SEREMI DE LA MUJER BUSCA DISTINGUIR A MAGALLANICAS DESTACADAS EL PROXIMO 08 DE MARZO"},"content":{"rendered":"\n<p>A pocas semanas de conmemorarse el d\u00eda internacional de la Mujer Trabajadora, la Seremi de la<br>Mujer y la Equidad de G\u00e9nero de Magallanes y la Ant\u00e1rtica Chilena lanz\u00f3 las bases del<br>reconocimiento \u201cMujer Destacada 2024\u201d, el cual busca distinguir a ocho mujeres de la regi\u00f3n por<br>su contribuci\u00f3n a la reivindicaci\u00f3n de los derechos de sus pares. El objetivo es entregar esta<br>distinci\u00f3n durante el acto masivo que se llevar\u00e1 a cabo el pr\u00f3ximo 08 de marzo en Punta Arenas, y<br>que se est\u00e1 organizando en conjunto con el Gabinete Regional.<br>\u201cHay muchas mujeres que han contribuido al desarrollo regional, aportando a la igualdad de<br>g\u00e9nero o bien ampliando los espacios de autonom\u00eda de las mujeres. Por ello quisi\u00e9ramos relevar<br>su rol determinante y visibilizar las luchas hist\u00f3ricas que se han dado para la conquista de estos<br>derechos. Hay quienes han contribuido desde la participaci\u00f3n social y pol\u00edtica, aportando as\u00ed al<br>cambio cultural que nosotras como Ministerio aspiramos, para avanzar hacia una sociedad m\u00e1s<br>equitativa y respetuosa con la diversidad de personas que la habitan\u201d, expres\u00f3 la Seremi de la<br>Mujer Alejandra Ruiz Ovando.<br>El reconocimiento busca justamente visibilizar a aquellas mujeres que han aportado con su trabajo<br>a las comunidades que desarrollan en su espacio laboral, en organizaciones sociales, y en las<br>comunidades y barrios en las que est\u00e1n insertas. Adem\u00e1s, como innovaci\u00f3n, este a\u00f1o se buscar\u00e1<br>distinguir en la categor\u00eda funcionaria p\u00fablica: \u201cAlgo que ha sido solicitado en a\u00f1os pasados, y que<br>espera resaltar el trabajo de tantas compa\u00f1eras que contribuyen m\u00e1s all\u00e1 del marco de sus<br>funciones, con un profundo sentido de servicio p\u00fablico y los m\u00e1ximos est\u00e1ndares \u00e9ticos\u201d, a\u00f1adi\u00f3 la<br>autoridad.<br>La convocatoria estar\u00e1 abierta hasta el pr\u00f3ximo viernes 23 de febrero a las 23.59 hrs., y est\u00e1<br>dirigida a personas naturales, organizaciones vecinales, sociales, con o sin personalidad<br>jur\u00eddica, instituciones p\u00fablicas o privadas, organizaciones territoriales, comunitarias y\/o<br>funcionales. Las bases y el formulario para postular est\u00e1n disponibles en la Seremi de la Mujer y<br>la Equidad de G\u00e9nero, ubicada en Nogueira #1370, Punta Arenas, y online a trav\u00e9s de sus redes<br>sociales o el link: http:\/\/tinyurl.com\/4s7xz932. Las postulaciones deber\u00e1n dirigirse al correo<br>electr\u00f3nico seremi.magallanes@minmujer.gob.cl.<\/p>\n","protected":false},"excerpt":{"rendered":"<p>A pocas semanas de conmemorarse el d\u00eda internacional de la Mujer Trabajadora, la Seremi de laMujer y la Equidad de G\u00e9nero de Magallanes y la Ant\u00e1rtica Chilena lanz\u00f3 las bases&#8230; <a class=\"read-more\" href=\"https:\/\/www.radiopresidenteibanez.cl\/web\/seremi-de-la-mujer-busca-distinguir-a-magallanicas-destacadas-el-proximo-08-de-marzo\/\">Leer m\u00e1s<\/a><\/p>\n","protected":false},"author":2,"featured_media":46354,"comment_status":"closed","ping_status":"closed","sticky":false,"template":"","format":"standard","meta":{"footnotes":""},"categories":[1],"tags":[],"class_list":["post-46353","post","type-post","status-publish","format-standard","has-post-thumbnail","hentry","category-cronica"],"_links":{"self":[{"href":"https:\/\/www.radiopresidenteibanez.cl\/web\/wp-json\/wp\/v2\/posts\/46353","targetHints":{"allow":["GET"]}}],"collection":[{"href":"https:\/\/www.radiopresidenteibanez.cl\/web\/wp-json\/wp\/v2\/posts"}],"about":[{"href":"https:\/\/www.radiopresidenteibanez.cl\/web\/wp-json\/wp\/v2\/types\/post"}],"author":[{"embeddable":true,"href":"https:\/\/www.radiopresidenteibanez.cl\/web\/wp-json\/wp\/v2\/users\/2"}],"replies":[{"embeddable":true,"href":"https:\/\/www.radiopresidenteibanez.cl\/web\/wp-json\/wp\/v2\/comments?post=46353"}],"version-history":[{"count":0,"href":"https:\/\/www.radiopresidenteibanez.cl\/web\/wp-json\/wp\/v2\/posts\/46353\/revisions"}],"wp:featuredmedia":[{"embeddable":true,"href":"https:\/\/www.radiopresidenteibanez.cl\/web\/wp-json\/wp\/v2\/media\/46354"}],"wp:attachment":[{"href":"https:\/\/www.radiopresidenteibanez.cl\/web\/wp-json\/wp\/v2\/media?parent=46353"}],"wp:term":[{"taxonomy":"category","embeddable":true,"href":"https:\/\/www.radiopresidenteibanez.cl\/web\/wp-json\/wp\/v2\/categories?post=46353"},{"taxonomy":"post_tag","embeddable":true,"href":"https:\/\/www.radiopresidenteibanez.cl\/web\/wp-json\/wp\/v2\/tags?post=46353"}],"curies":[{"name":"wp","href":"https:\/\/api.w.org\/{rel}","templated":true}]}}