{"id":46349,"date":"2024-02-13T09:30:00","date_gmt":"2024-02-13T12:30:00","guid":{"rendered":"https:\/\/www.radiopresidenteibanez.cl\/web\/?p=46349"},"modified":"2024-02-13T11:25:38","modified_gmt":"2024-02-13T14:25:38","slug":"dia-mundial-de-la-radio-2","status":"publish","type":"post","link":"https:\/\/www.radiopresidenteibanez.cl\/web\/dia-mundial-de-la-radio-2\/","title":{"rendered":"DIA MUNDIAL DE LA RADIO"},"content":{"rendered":"\n<p>En una era marcada por la vertiginosa velocidad de la innovaci\u00f3n tecnol\u00f3gica y la r\u00e1pida obsolescencia de una nueva y brillante plataforma tras otra, la radio est\u00e1 comenzando su segundo siglo de servicio como uno de los medios de comunicaci\u00f3n m\u00e1s confiables y ampliamente utilizados en el mundo.<\/p>\n\n\n\n<p>Proclamado en 2011 por los Estados miembros de la UNESCO y adoptado por la Asamblea General de las Naciones Unidas en 2012 como D\u00eda Internacional de la ONU, el 13 de febrero se convirti\u00f3 en el D\u00eda Mundial de la Radio (DMR). La radio, como tecnolog\u00eda, ciencia, medio de comunicaci\u00f3n y sistema de programaci\u00f3n de elementos de audio, tiene sus ra\u00edces que se remontan al siglo XIX&#8230; por lo que se puede decir con seguridad que el medio ya se encuentra en su segundo siglo.<\/p>\n\n\n\n<p><a href=\"https:\/\/www.unesco.org\/es\/days\/world-radio\/radio-next-century\">El tema del D\u00eda Mundial de la Radio en 2024<\/a>&nbsp;arroja luz sobre el notable pasado, el presente relevante y la promesa de un futuro din\u00e1mico de la radio.<\/p>\n","protected":false},"excerpt":{"rendered":"<p>En una era marcada por la vertiginosa velocidad de la innovaci\u00f3n tecnol\u00f3gica y la r\u00e1pida obsolescencia de una nueva y brillante plataforma tras otra, la radio est\u00e1 comenzando su segundo&#8230; <a class=\"read-more\" href=\"https:\/\/www.radiopresidenteibanez.cl\/web\/dia-mundial-de-la-radio-2\/\">Leer m\u00e1s<\/a><\/p>\n","protected":false},"author":2,"featured_media":46350,"comment_status":"closed","ping_status":"closed","sticky":false,"template":"","format":"standard","meta":{"footnotes":""},"categories":[1],"tags":[],"class_list":["post-46349","post","type-post","status-publish","format-standard","has-post-thumbnail","hentry","category-cronica"],"_links":{"self":[{"href":"https:\/\/www.radiopresidenteibanez.cl\/web\/wp-json\/wp\/v2\/posts\/46349","targetHints":{"allow":["GET"]}}],"collection":[{"href":"https:\/\/www.radiopresidenteibanez.cl\/web\/wp-json\/wp\/v2\/posts"}],"about":[{"href":"https:\/\/www.radiopresidenteibanez.cl\/web\/wp-json\/wp\/v2\/types\/post"}],"author":[{"embeddable":true,"href":"https:\/\/www.radiopresidenteibanez.cl\/web\/wp-json\/wp\/v2\/users\/2"}],"replies":[{"embeddable":true,"href":"https:\/\/www.radiopresidenteibanez.cl\/web\/wp-json\/wp\/v2\/comments?post=46349"}],"version-history":[{"count":0,"href":"https:\/\/www.radiopresidenteibanez.cl\/web\/wp-json\/wp\/v2\/posts\/46349\/revisions"}],"wp:featuredmedia":[{"embeddable":true,"href":"https:\/\/www.radiopresidenteibanez.cl\/web\/wp-json\/wp\/v2\/media\/46350"}],"wp:attachment":[{"href":"https:\/\/www.radiopresidenteibanez.cl\/web\/wp-json\/wp\/v2\/media?parent=46349"}],"wp:term":[{"taxonomy":"category","embeddable":true,"href":"https:\/\/www.radiopresidenteibanez.cl\/web\/wp-json\/wp\/v2\/categories?post=46349"},{"taxonomy":"post_tag","embeddable":true,"href":"https:\/\/www.radiopresidenteibanez.cl\/web\/wp-json\/wp\/v2\/tags?post=46349"}],"curies":[{"name":"wp","href":"https:\/\/api.w.org\/{rel}","templated":true}]}}