{"id":46334,"date":"2024-02-13T12:20:00","date_gmt":"2024-02-13T15:20:00","guid":{"rendered":"https:\/\/www.radiopresidenteibanez.cl\/web\/?p=46334"},"modified":"2024-02-13T09:38:20","modified_gmt":"2024-02-13T12:38:20","slug":"desafiando-fronteras-el-impacto-de-las-mujeres-en-la-ciencia-antartica","status":"publish","type":"post","link":"https:\/\/www.radiopresidenteibanez.cl\/web\/desafiando-fronteras-el-impacto-de-las-mujeres-en-la-ciencia-antartica\/","title":{"rendered":"DESAFIANDO FRONTERAS: EL IMPACTO DE LAS MUJERES EN LA CIENCIA ANTARTICA"},"content":{"rendered":"\n<p>Este fin de semana se conmemora el D\u00eda Internacional de las Mujeres y las Ni\u00f1as en la Ciencia, una efem\u00e9ride designada por la Asamblea General de las Naciones Unidas para honrar la contribuci\u00f3n fundamental de las mujeres en los campos cient\u00edficos y tecnol\u00f3gicos. M\u00e1s que una simple fecha en el calendario, este d\u00eda nos invita a reflexionar sobre la importancia de la equidad, la diversidad y la inclusi\u00f3n en el \u00e1mbito cient\u00edfico, asegurando que todas las personas, especialmente las mujeres, tengan acceso y oportunidades en este campo crucial. Es una ocasi\u00f3n para reconocer el talento y la dedicaci\u00f3n de las mujeres en la ciencia, as\u00ed como para reafirmar nuestro compromiso con un futuro donde la ciencia est\u00e9 abierta y accesible para todas y todos.<\/p>\n\n\n\n<p>Las cifras reveladas en el m\u00e1s reciente informe de la Organizaci\u00f3n de las Naciones Unidas para la Educaci\u00f3n, la Ciencia y la Cultura (UNESCO) no pintan un panorama alentador&nbsp;a nivel&nbsp;mundial: \u00fanicamente una de cada tres personas que hacen investigaci\u00f3n es mujer. Este dato subraya la persistente brecha de g\u00e9nero en el \u00e1mbito cient\u00edfico y nos recuerda la importancia de seguir trabajando para promover la participaci\u00f3n equitativa de las mujeres en la investigaci\u00f3n y la innovaci\u00f3n.<\/p>\n\n\n\n<p>Sin embargo, estad\u00edsticas del Instituto Ant\u00e1rtico Chileno (INACH) nos dan otra mirada de lo que sucede en la realidad ant\u00e1rtica de nuestro pa\u00eds. En primer lugar,&nbsp;el INACH est\u00e1 compuesto por un 41&nbsp;% de mujeres, que en cargos de jefatura el porcentaje aumenta a un 46&nbsp;%. En segundo lugar, la organizaci\u00f3n ha promovido la capacitaci\u00f3n en temas de g\u00e9nero entre su personal. En 2021, el 52,6&nbsp;% del personal hab\u00eda recibido al menos una capacitaci\u00f3n en esta \u00e1rea y para el a\u00f1o 2022, esta cifra aument\u00f3 al 65,8&nbsp;%.<\/p>\n\n\n\n<p>En tercer lugar, el INACH ha promovido activamente la participaci\u00f3n de las mujeres en el Programa Nacional de Ciencia Ant\u00e1rtica (PROCIEN). De los 90 proyectos en el a\u00f1o 2022, el 44,4&nbsp;% son dirigidos por mujeres, una proporci\u00f3n que supera el promedio observado en otros sectores cient\u00edficos a nivel nacional. Durante el a\u00f1o 2023 el trabajo continu\u00f3 con distintas iniciativas a nivel interno, como la participaci\u00f3n en mesas de trabajo en la Secretar\u00eda Regional del Ministerio de la Mujer y la Equidad de G\u00e9nero de Magallanes y en la Mesa de G\u00e9nero de la Macrozona Austral, de la Seremi de Ciencia Macrozona Austral.<\/p>\n\n\n\n<p><strong>Experiencias cient\u00edficas&nbsp;<\/strong><\/p>\n\n\n\n<p>Una de las experiencias que podemos destacar es la de la Dra. Lorena Rebolledo, ocean\u00f3grafa de la Universidad de Concepci\u00f3n, quien trabaja en el INACH. Ha sido jefa de las bases Escudero y Yelcho y coordinadora cient\u00edfica a bordo del buque&nbsp;<em>Betanzos<\/em>&nbsp;durante tres temporadas.<\/p>\n\n\n\n<p>Rebolledo nos cuenta acerca de su experiencia como mujer en la ciencia y su trabajo en el instituto, adem\u00e1s de destacar la importancia que hoy en d\u00eda tienen aquellas mujeres que se atreven a trabajar en un territorio tan extremo como lo es la Ant\u00e1rtica.&nbsp;<\/p>\n\n\n\n<p>\u201cAc\u00e1 los proyectos son concursables y todos aquellos proyectos se eligen a partir de su calidad. Dentro de la calidad, se observa que entre el 45&nbsp;% al 48&nbsp;% de los proyectos son liderados por mujeres, entonces eso es un muy buen antecedente para las mujeres, ya que, si uno va a otros concursos, las proporciones de mujeres est\u00e1n desequilibradas, donde dominan los hombres versus las mujeres. Entonces, a pesar de que Ant\u00e1rtica es un clima hostil y adverso, las mujeres se est\u00e1n inclinando por hacer actividades ant\u00e1rticas, donde la calidad de sus proyectos es muy buena.\u201d<\/p>\n\n\n\n<p>La estaci\u00f3n polar cient\u00edfica conjunta Glaciar Uni\u00f3n es un asentamiento nacional situado en el coraz\u00f3n del c\u00edrculo polar ant\u00e1rtico, en la Ant\u00e1rtica profunda. La ubicaci\u00f3n de la estaci\u00f3n est\u00e1 rodeada por diez glaciares, lo que la convierte en un enclave ideal para llevar a cabo investigaciones en microbiolog\u00eda, glaciolog\u00eda y meteorolog\u00eda. Sin embargo, es importante tener en cuenta que las condiciones laborales en este lugar son extremas, pero no son un obst\u00e1culo para aquellas mujeres cient\u00edficas que viajan al fin del mundo para llevar a cabo su trabajo.<\/p>\n\n\n\n<p>Fernanda Cabello, ingeniera f\u00edsica de la Universidad de Santiago de Chile, parte del grupo Ant\u00e1rtica CL, deja un mensaje para todas aquellas mujeres cient\u00edficas: \u201canimo a todas investigar lo que sea que quieran, que se atrevan porque te va a desafiar a ti misma y vas a poder desarrollarte mucho mejor. Se aprende much\u00edsimo.\u201d<\/p>\n\n\n\n<p>Por otro lado, Lorena tambi\u00e9n deja un importante mensaje: \u201clo \u00fanico que les dir\u00eda es que estudien y que, a pesar de que le digan muchas veces que no, sigan intent\u00e1ndolo. Lo \u00fanico que tienen que hacer es seguir intent\u00e1ndolo y seguro que lo van a lograr.\u201d<\/p>\n\n\n\n<p>Ambas cient\u00edficas e investigadoras fueron parte de la LX Expedici\u00f3n Cient\u00edfica Ant\u00e1rtica (ECA 60) realizada por el INACH. Sin embargo, no es la \u00fanica instancia donde las mujeres destacan en la ciencia ant\u00e1rtica.&nbsp;<\/p>\n\n\n\n<p><strong>La importancia de la Feria Ant\u00e1rtica Escolar y de la Expedici\u00f3n Ant\u00e1rtica Escolar<\/strong><\/p>\n\n\n\n<p>Jacinta Blanco y Daniela Vidal ganaron la Feria Ant\u00e1rtica Escolar (FAE) en 2022 y posteriormente participaron de la Expedici\u00f3n Ant\u00e1rtica Escolar (EAE) en marzo de 2023.&nbsp;<\/p>\n\n\n\n<p>\u201cHe visto investigadores e investigadoras que me han ense\u00f1ado su trabajo de una forma muy bonita. Lo que quiero decir es que ellas y ellos me explicaron todo su trabajo de una manera que yo igual entend\u00eda haciendo que yo tuviera un inter\u00e9s por ella. Tan as\u00ed que he querido seguir esos rumbos de explicar mis propios proyectos a la gente\u201d, comenta Jacinta con respecto a c\u00f3mo la FAE y EAE ayudaron a que su inter\u00e9s en la ciencia aumentara.<\/p>\n\n\n\n<p>Con respecto a Daniela, ella nos menciona lo relevante que pueden ser estas oportunidades en su vida, \u201cte dan confianza, te acercan a la experiencia de hacer ciencia, te acerca a posibles modelos de rol. Es maravilloso, como una imitaci\u00f3n a un per\u00edodo de prueba, te abre las puertas.\u201d<\/p>\n\n\n\n<p>Actualmente, ambas entrar\u00e1n este a\u00f1o a la educaci\u00f3n superior y nos comentan que su elecci\u00f3n para estudiar son carreras ligadas a este rubro. En espec\u00edfico, Jacinta menciona querer estudiar F\u00edsica, Qu\u00edmica o Biolog\u00eda y en cuanto a Daniela, quien m\u00e1s decidida se ir\u00e1 directo a estudiar Ingenier\u00eda en F\u00edsica, con el objetivo de \u201cpoder trabajar en detectores de part\u00edculas, como en el HC o el FCC, en un futuro.\u201d<\/p>\n\n\n\n<p>El INACH desempe\u00f1a un papel fundamental en el impulso y apoyo a la participaci\u00f3n de las mujeres en la investigaci\u00f3n cient\u00edfica ant\u00e1rtica. A trav\u00e9s de iniciativas que promueven la equidad de g\u00e9nero, la capacitaci\u00f3n y el fomento de la investigaci\u00f3n liderada por mujeres, el INACH ha demostrado un compromiso firme con la creaci\u00f3n de un entorno inclusivo y diverso en la ciencia polar. En un contexto de condiciones desafiantes, las mujeres contin\u00faan destac\u00e1ndose y dejando su marca en la exploraci\u00f3n y comprensi\u00f3n de uno de los entornos m\u00e1s extremos del planeta.<\/p>\n","protected":false},"excerpt":{"rendered":"<p>Este fin de semana se conmemora el D\u00eda Internacional de las Mujeres y las Ni\u00f1as en la Ciencia, una efem\u00e9ride designada por la Asamblea General de las Naciones Unidas para&#8230; <a class=\"read-more\" href=\"https:\/\/www.radiopresidenteibanez.cl\/web\/desafiando-fronteras-el-impacto-de-las-mujeres-en-la-ciencia-antartica\/\">Leer m\u00e1s<\/a><\/p>\n","protected":false},"author":2,"featured_media":46335,"comment_status":"closed","ping_status":"closed","sticky":false,"template":"","format":"standard","meta":{"footnotes":""},"categories":[1],"tags":[],"class_list":["post-46334","post","type-post","status-publish","format-standard","has-post-thumbnail","hentry","category-cronica"],"_links":{"self":[{"href":"https:\/\/www.radiopresidenteibanez.cl\/web\/wp-json\/wp\/v2\/posts\/46334","targetHints":{"allow":["GET"]}}],"collection":[{"href":"https:\/\/www.radiopresidenteibanez.cl\/web\/wp-json\/wp\/v2\/posts"}],"about":[{"href":"https:\/\/www.radiopresidenteibanez.cl\/web\/wp-json\/wp\/v2\/types\/post"}],"author":[{"embeddable":true,"href":"https:\/\/www.radiopresidenteibanez.cl\/web\/wp-json\/wp\/v2\/users\/2"}],"replies":[{"embeddable":true,"href":"https:\/\/www.radiopresidenteibanez.cl\/web\/wp-json\/wp\/v2\/comments?post=46334"}],"version-history":[{"count":0,"href":"https:\/\/www.radiopresidenteibanez.cl\/web\/wp-json\/wp\/v2\/posts\/46334\/revisions"}],"wp:featuredmedia":[{"embeddable":true,"href":"https:\/\/www.radiopresidenteibanez.cl\/web\/wp-json\/wp\/v2\/media\/46335"}],"wp:attachment":[{"href":"https:\/\/www.radiopresidenteibanez.cl\/web\/wp-json\/wp\/v2\/media?parent=46334"}],"wp:term":[{"taxonomy":"category","embeddable":true,"href":"https:\/\/www.radiopresidenteibanez.cl\/web\/wp-json\/wp\/v2\/categories?post=46334"},{"taxonomy":"post_tag","embeddable":true,"href":"https:\/\/www.radiopresidenteibanez.cl\/web\/wp-json\/wp\/v2\/tags?post=46334"}],"curies":[{"name":"wp","href":"https:\/\/api.w.org\/{rel}","templated":true}]}}