{"id":46320,"date":"2024-02-12T18:13:00","date_gmt":"2024-02-12T21:13:00","guid":{"rendered":"https:\/\/www.radiopresidenteibanez.cl\/web\/?p=46320"},"modified":"2024-02-12T11:45:00","modified_gmt":"2024-02-12T14:45:00","slug":"convocatoria-abierta-a-sociedad-civil-para-proyectos-de-cultura-y-sitios-de-memoria","status":"publish","type":"post","link":"https:\/\/www.radiopresidenteibanez.cl\/web\/convocatoria-abierta-a-sociedad-civil-para-proyectos-de-cultura-y-sitios-de-memoria\/","title":{"rendered":"CONVOCATORIA ABIERTA A SOCIEDAD CIVIL PARA PROYECTOS DE CULTURA Y SITIOS DE MEMORIA"},"content":{"rendered":"\n<p>Para promover el respeto a los Derechos Humanos y contribuir a trav\u00e9s de la memoria hist\u00f3rica a<br>la no repetici\u00f3n a violaciones sufridas en Chile durante la dictadura, la Seremi de Justicia y<br>Derechos Humanos formul\u00f3 un llamado a las organizaciones de la sociedad civil sin fines de lucro y<br>con personalidad jur\u00eddica vigente, a postular sus proyectos al Fondo Concursable 2024 para<br>Proyectos de Cultura y Sitios de Memoria, de Unidad Programa de Derechos Humanos, de la<br>Subsecretar\u00eda de Derechos Humanos.<br>La autoridad regional explic\u00f3 que este fondo busca financiar iniciativas de la sociedad civil, que<br>bajo el prisma de experiencias sufridas constituyan hoy un aporte para la reparaci\u00f3n simb\u00f3lica y la<br>memoria hist\u00f3rica, adem\u00e1s de fomentar una cultura de respeto y promoci\u00f3n de los Derechos<br>Humanos en nuestro pa\u00eds.<br>Se\u00f1al\u00f3 que esta postulaci\u00f3n est\u00e1 abierta a agrupaciones de familiares de v\u00edctimas detenidas<br>desaparecidas y ejecutadas pol\u00edticas a lo largo del pa\u00eds, agrupaciones de v\u00edctimas y sobrevivientes<br>de prisi\u00f3n pol\u00edtica y tortura, organizaciones de promoci\u00f3n y defensa de Derechos Humanos y\/o<br>aquellas vinculadas a sitios de memoria, sean o no, reconocidos como Monumento Hist\u00f3rico por el<br>Consejo de Monumentos Nacionales.<br>Explic\u00f3 que la l\u00ednea de proyectos de \u201cCultura\u201d apunta a la indagaci\u00f3n y difusi\u00f3n de los hechos<br>ocurridos en materia de violaciones a los DD.HH., entre el 11 de septiembre de 1973 y el 10 de<br>marzo de 1990, que aporten a generar conocimiento sobre aqu\u00e9llos y a la satisfacci\u00f3n del derecho<br>a Ia verdad de toda Ia sociedad. En tanto, la l\u00ednea referida a puesta en valor de \u201cSitios de<br>Memoria\u201d se refiere a lugares donde se cometieron graves violaciones a los DD.HH., donde se<br>padecieron o resistieron esas violaciones, o que por alg\u00fan motivo las v\u00edctimas o comunidades<br>locales consideran que el lugar puede rendir memoria a esos acontecimientos.<br>Cada organizaci\u00f3n debe presentar todos los documentos de postulaci\u00f3n generales y los espec\u00edficos<br>por l\u00ednea de financiamiento, seg\u00fan sea la naturaleza del proyecto, pudiendo postular s\u00f3lo una<\/p>\n\n\n\n<p>iniciativa por l\u00ednea de financiamiento. En caso de que ambos proyectos resulten seleccionados, se<br>elegir\u00e1 aquel que obtenga la mejor nota.<br>Al respecto, la l\u00ednea de financiamiento \u201cCultura\u201d (monto m\u00e1ximo a financiar: 10 millones de pesos)<br>busca impulsar proyectos de: investigaci\u00f3n que tengan como objetivo la difusi\u00f3n de productos en<br>formatos digitales, gr\u00e1ficos o audiovisuales; de archivos para la recuperaci\u00f3n, clasificaci\u00f3n,<br>conservaci\u00f3n, gesti\u00f3n, puesta en valor y acceso p\u00fablico de documentos escritos, fotogr\u00e1ficos,<br>gr\u00e1ficos, sonoros, digitales y\/o an\u00e1logos, en propiedad de particulares o de instituciones estatales<br>o privadas; y proyectos art\u00edsticos, de preproducci\u00f3n y\/o producci\u00f3n, puesta en escena, que<br>contribuyan a promover Ia memoria, enmarcada en disciplinas tales como artes visuales,<br>fotograf\u00eda, teatro, danza, artes circenses, artesan\u00eda, m\u00fasica o expresiones de patrimonio material e<br>inmaterial (incluyendo creaci\u00f3n, refacci\u00f3n y preservaci\u00f3n de murales); y otros.<br>En tanto, la l\u00ednea de financiamiento \u201cSitios de Memoria\u201d (cuyo monto m\u00e1ximo a financiar por<br>proyecto: 17 millones de pesos) se enfoca en: construcci\u00f3n de memoriales, espacios de memoria<br>y\/o sitios de conciencia (construcciones f\u00edsicas estructurales); conservaci\u00f3n, reparaci\u00f3n y\/o<br>construcci\u00f3n de obras menores en sitios de memoria y\/o memoriales (construcciones f\u00edsicas no<br>estructurales); reconstrucci\u00f3n arquitect\u00f3nica digital de sitios de memoria; prevenci\u00f3n situacional<br>(seguridad) en sitios de memoria; y otras.<br>Finalmente, la Seremi inform\u00f3 que la fecha de cierre de postulaciones para las organizaciones<br>interesadas ser\u00e1 el 22 de marzo de 2024.<br>M\u00e1s informaci\u00f3n sobre las bases en www.derechoshumanos.gob.cl\/fondo-para-proyectos-de-<br>cultura-y-sitios-de-memoria\/.<\/p>\n","protected":false},"excerpt":{"rendered":"<p>Para promover el respeto a los Derechos Humanos y contribuir a trav\u00e9s de la memoria hist\u00f3rica ala no repetici\u00f3n a violaciones sufridas en Chile durante la dictadura, la Seremi de&#8230; <a class=\"read-more\" href=\"https:\/\/www.radiopresidenteibanez.cl\/web\/convocatoria-abierta-a-sociedad-civil-para-proyectos-de-cultura-y-sitios-de-memoria\/\">Leer m\u00e1s<\/a><\/p>\n","protected":false},"author":2,"featured_media":46321,"comment_status":"closed","ping_status":"closed","sticky":false,"template":"","format":"standard","meta":{"footnotes":""},"categories":[1],"tags":[],"class_list":["post-46320","post","type-post","status-publish","format-standard","has-post-thumbnail","hentry","category-cronica"],"_links":{"self":[{"href":"https:\/\/www.radiopresidenteibanez.cl\/web\/wp-json\/wp\/v2\/posts\/46320","targetHints":{"allow":["GET"]}}],"collection":[{"href":"https:\/\/www.radiopresidenteibanez.cl\/web\/wp-json\/wp\/v2\/posts"}],"about":[{"href":"https:\/\/www.radiopresidenteibanez.cl\/web\/wp-json\/wp\/v2\/types\/post"}],"author":[{"embeddable":true,"href":"https:\/\/www.radiopresidenteibanez.cl\/web\/wp-json\/wp\/v2\/users\/2"}],"replies":[{"embeddable":true,"href":"https:\/\/www.radiopresidenteibanez.cl\/web\/wp-json\/wp\/v2\/comments?post=46320"}],"version-history":[{"count":0,"href":"https:\/\/www.radiopresidenteibanez.cl\/web\/wp-json\/wp\/v2\/posts\/46320\/revisions"}],"wp:featuredmedia":[{"embeddable":true,"href":"https:\/\/www.radiopresidenteibanez.cl\/web\/wp-json\/wp\/v2\/media\/46321"}],"wp:attachment":[{"href":"https:\/\/www.radiopresidenteibanez.cl\/web\/wp-json\/wp\/v2\/media?parent=46320"}],"wp:term":[{"taxonomy":"category","embeddable":true,"href":"https:\/\/www.radiopresidenteibanez.cl\/web\/wp-json\/wp\/v2\/categories?post=46320"},{"taxonomy":"post_tag","embeddable":true,"href":"https:\/\/www.radiopresidenteibanez.cl\/web\/wp-json\/wp\/v2\/tags?post=46320"}],"curies":[{"name":"wp","href":"https:\/\/api.w.org\/{rel}","templated":true}]}}