{"id":4632,"date":"2019-05-28T16:19:12","date_gmt":"2019-05-28T16:19:12","guid":{"rendered":"http:\/\/www.radiopresidenteibanez.cl\/web\/?p=4632"},"modified":"2019-05-28T16:20:07","modified_gmt":"2019-05-28T16:20:07","slug":"escuela-bernardo-o-higgins-de-porvenir-cambia-el-foco-y-se-suma-a-campana-regional","status":"publish","type":"post","link":"https:\/\/www.radiopresidenteibanez.cl\/web\/escuela-bernardo-o-higgins-de-porvenir-cambia-el-foco-y-se-suma-a-campana-regional\/","title":{"rendered":"ESCUELA BERNARDO O\u2019 HIGGINS DE PORVENIR \u201cCAMBIA EL FOCO\u201d Y SE SUMA A CAMPA\u00d1A REGIONAL"},"content":{"rendered":"\n<p>Encabezados por la Gobernadora de Tierra del Fuego, Margarita Norambuena; la alcaldesa de Porvernir, Marisol Andrade; profesionales de la Seremi de Energ\u00eda de Magallanes y directivos de la Escuela Bernardo O\u2019 Higgins, se llev\u00f3 a cabo la ceremonia de entrega de las ampolletas LED para toda la comunidad educativa, en el marco de la campa\u00f1a&nbsp;<strong>\u201cCambia el Foco\u201d<\/strong>. &nbsp;&nbsp;<\/p>\n\n\n\n<p>La iniciativa, busca promocionar y desarrollar de una cultura escolar para el uso eficiente de la energ\u00eda, con \u00e9nfasis en iluminaci\u00f3n LED.<\/p>\n\n\n\n<p>La campa\u00f1a que, durante 2018 benefici\u00f3 a 73.000 familias y sus comunidades escolares en todo el pa\u00eds, est\u00e1 generando una disminuci\u00f3n de mil (1000) toneladas de CO2 al a\u00f1o. &nbsp;<\/p>\n\n\n\n<p>El programa, liderado por el ministerio de Energ\u00eda y ejecutado por Fundaci\u00f3n Chile, forma parte de la iniciativa mundial En.lighten que se ha implementado ya en 65 pa\u00edses.<\/p>\n\n\n\n<p>\u201cComo Gobierno del Presidente Sebasti\u00e1n Pi\u00f1era, nos interesa impulsar decididamente la eficiencia energ\u00e9tica. Lo estamos haciendo en todas las instancias que se requieren. A nivel normativo con el reciente proyecto de ley aprobado por el Senado en esta materia; y tambi\u00e9n educativo. Creemos que para generar un cambio cultural, es necesario partir por los m\u00e1s peque\u00f1os. En ellos podemos confiar esta necesaria y urgente transformaci\u00f3n para el pa\u00eds y el mundo\u201d, sostuvo el Seremi de Energ\u00eda, Nolberto Sa\u00e9z.<\/p>\n\n\n\n<p><strong>COMPROMISO CON LA EFICIENCIA ENERG\u00c9TICA<\/strong><\/p>\n\n\n\n<p>La autoridad regional de Energ\u00eda felicit\u00f3 a la Escuela Bernardo O\u2019 Higgins por sumarse junto a sus pares de Natales, Capit\u00e1n Juan Ladrillero, y de Punta Arenas, Villa Las Nieves, a la campa\u00f1a \u201cCambia el Foco\u201d. &nbsp;&nbsp;<\/p>\n\n\n\n<p>S\u00e1ez, agreg\u00f3 que la iniciativa se encuentra perfectamente alineada con los objetivos estrat\u00e9gicos de la Ruta Energ\u00e9tica 2018 \u2013 2022, destacando a la comunidad escolar por su compromiso con el medio ambiente y el uso eficiente de la energ\u00eda.<\/p>\n\n\n\n<p>Por su parte, la Gobernadora de Tierra del Fuego, Margarita Norambuena destac\u00f3 la campa\u00f1a \u201cque busca incentivar una cultura del ahorro energ\u00e9tico en los menores de nuestra provincia, porque no s\u00f3lo cambia el foco desde el punto de vista f\u00edsico; tambi\u00e9n cambia la mentalidad de los m\u00e1s peque\u00f1os, sobre la importancia de la eficiencia energ\u00e9tica. Esta es una preocupaci\u00f3n permanente de nuestro Gobierno que ahora estamos llevando a cabo en Porvenir\u201d, remarc\u00f3 Norambuena. \u00a0<\/p>\n\n\n\n<figure class=\"wp-block-image\"><img loading=\"lazy\" decoding=\"async\" width=\"1024\" height=\"578\" src=\"https:\/\/www.radiopresidenteibanez.cl\/web\/wp-content\/uploads\/2019\/05\/Cambia-el-Foco-TF-1024x578.jpg\" alt=\"\" class=\"wp-image-4633\" srcset=\"https:\/\/www.radiopresidenteibanez.cl\/web\/wp-content\/uploads\/2019\/05\/Cambia-el-Foco-TF-1024x578.jpg 1024w, https:\/\/www.radiopresidenteibanez.cl\/web\/wp-content\/uploads\/2019\/05\/Cambia-el-Foco-TF-300x169.jpg 300w, https:\/\/www.radiopresidenteibanez.cl\/web\/wp-content\/uploads\/2019\/05\/Cambia-el-Foco-TF-768x433.jpg 768w, https:\/\/www.radiopresidenteibanez.cl\/web\/wp-content\/uploads\/2019\/05\/Cambia-el-Foco-TF.jpg 1280w\" sizes=\"auto, (max-width: 1024px) 100vw, 1024px\" \/><\/figure>\n","protected":false},"excerpt":{"rendered":"<p>Encabezados por la Gobernadora de Tierra del Fuego, Margarita Norambuena; la alcaldesa de Porvernir, Marisol Andrade; profesionales de la Seremi de Energ\u00eda de Magallanes y directivos de la Escuela Bernardo&#8230; <a class=\"read-more\" href=\"https:\/\/www.radiopresidenteibanez.cl\/web\/escuela-bernardo-o-higgins-de-porvenir-cambia-el-foco-y-se-suma-a-campana-regional\/\">Leer m\u00e1s<\/a><\/p>\n","protected":false},"author":2,"featured_media":4633,"comment_status":"closed","ping_status":"closed","sticky":false,"template":"","format":"standard","meta":{"footnotes":""},"categories":[1],"tags":[],"class_list":["post-4632","post","type-post","status-publish","format-standard","has-post-thumbnail","hentry","category-cronica"],"_links":{"self":[{"href":"https:\/\/www.radiopresidenteibanez.cl\/web\/wp-json\/wp\/v2\/posts\/4632","targetHints":{"allow":["GET"]}}],"collection":[{"href":"https:\/\/www.radiopresidenteibanez.cl\/web\/wp-json\/wp\/v2\/posts"}],"about":[{"href":"https:\/\/www.radiopresidenteibanez.cl\/web\/wp-json\/wp\/v2\/types\/post"}],"author":[{"embeddable":true,"href":"https:\/\/www.radiopresidenteibanez.cl\/web\/wp-json\/wp\/v2\/users\/2"}],"replies":[{"embeddable":true,"href":"https:\/\/www.radiopresidenteibanez.cl\/web\/wp-json\/wp\/v2\/comments?post=4632"}],"version-history":[{"count":0,"href":"https:\/\/www.radiopresidenteibanez.cl\/web\/wp-json\/wp\/v2\/posts\/4632\/revisions"}],"wp:featuredmedia":[{"embeddable":true,"href":"https:\/\/www.radiopresidenteibanez.cl\/web\/wp-json\/wp\/v2\/media\/4633"}],"wp:attachment":[{"href":"https:\/\/www.radiopresidenteibanez.cl\/web\/wp-json\/wp\/v2\/media?parent=4632"}],"wp:term":[{"taxonomy":"category","embeddable":true,"href":"https:\/\/www.radiopresidenteibanez.cl\/web\/wp-json\/wp\/v2\/categories?post=4632"},{"taxonomy":"post_tag","embeddable":true,"href":"https:\/\/www.radiopresidenteibanez.cl\/web\/wp-json\/wp\/v2\/tags?post=4632"}],"curies":[{"name":"wp","href":"https:\/\/api.w.org\/{rel}","templated":true}]}}