{"id":46317,"date":"2024-02-12T16:57:00","date_gmt":"2024-02-12T19:57:00","guid":{"rendered":"https:\/\/www.radiopresidenteibanez.cl\/web\/?p=46317"},"modified":"2024-02-12T11:32:17","modified_gmt":"2024-02-12T14:32:17","slug":"chilevalora-certifico-las-competencias-de-21-nuevos-maestros-andamieros","status":"publish","type":"post","link":"https:\/\/www.radiopresidenteibanez.cl\/web\/chilevalora-certifico-las-competencias-de-21-nuevos-maestros-andamieros\/","title":{"rendered":"CHILEVALORA CERTIFICO LAS COMPETENCIAS DE 21 NUEVOS MAESTROS ANDAMIEROS"},"content":{"rendered":"\n<p>Un total de 21 trabajadores de la constructora Salfa Austral<br>recibieron su certificaci\u00f3n de competencias laborales en el perfil ocupacional Maestro(a)<br>Andamiero(a) de ChileValora, quienes, a partir de ahora, cuentan con un importante certificado<br>que acredita su experiencia en este rubro y les abre futuras oportunidades laborales.<br>La evaluaci\u00f3n fue realizada por el Centro de Evaluaci\u00f3n y Certificaci\u00f3n de Competencias Laborales<br>Simoc, cuyo proceso se llev\u00f3 a cabo en noviembre del a\u00f1o pasado en la ciudad de Punta Arenas.<br>La seremi del Trabajo, Doris Sandoval Miranda, recalc\u00f3 la importante gesti\u00f3n que hace ChileValora<br>en la regi\u00f3n. \u201cEs de suma importancia contar con trabajadores y trabajadoras de Magallanes<br>certificados en su respectiva experiencia laboral. Quienes por diversos motivos no han podido<br>acceder a un t\u00edtulo t\u00e9cnico o profesional. Esta es la oportunidad que tienen para poder acreditar<br>sus conocimientos. De esta forma es que, como gobierno, hacemos valer su trabajo y les<br>otorgamos nuevas y mejores posibilidades de empleabilidad\u201d, declar\u00f3.<br>En palabras de la coordinadora regional de ChileValora, Marilyn C\u00e1rdenas, \u201cdestacamos esta<br>ceremonia de certificaci\u00f3n de uno de los perfiles de ChileValora, espec\u00edficamente el de Maestro<br>Andamiero de la constructora Salfa, que decide someter a evaluaci\u00f3n a sus trabajadores para que<br>se les pueda reconocer su trabajo y sus habilidades desarrolladas por tanto tiempo. Mediante<br>estas certificaciones es el Estado de Chile el que les entrega el reconocimiento a su trabajo y<br>experiencia\u201d.<br>C\u00e1rdenas agreg\u00f3 que: \u201cEs importante destacar la iniciativa de la empresa Salfa de certificar a sus<br>trabajadores y, por lo mismo, queremos hacer una invitaci\u00f3n a otras empresas constructoras y<br>tambi\u00e9n de otros rubros de la zona a generar estos lazos con nosotros para certificar a nuevos<br>trabajadores y as\u00ed contar con m\u00e1s personas en la Regi\u00f3n de Magallanes que tengan un certificado<br>que reconoce sus habilidades a lo largo de su trayectoria laboral\u201d.<br>En el caso de los trabajadores certificados en esta ocasi\u00f3n, la iniciativa surgi\u00f3 de parte de la<br>empresa Salfa que decidi\u00f3 otorgar esta oportunidad como estrategia interna en materia de<br>seguridad laboral y tambi\u00e9n perfeccionar sus oficios.<br>As\u00ed lo expuso Pablo Simeone, jefe del departamento de seguridad zonal de Salfa. \u201cLa iniciativa<br>nace como parte de un cumplimiento a nuestros planes de capacitaci\u00f3n en el que buscamos ir m\u00e1s<br>all\u00e1 y otorgarle un mayor valor para incentivar a los trabajadores a tomar estas instancias, a<\/p>\n\n\n\n<p>perfeccionar su oficio y que les pueda servir no s\u00f3lo de manera interna, sino tambi\u00e9n fuera de la<br>empresa en otras oportunidades laborales. Esto forma parte de un plan estrat\u00e9gico para mejorar<br>las competencias de nuestros trabajadores en el oficio y tambi\u00e9n en temas de seguridad laboral\u201d,<br>explic\u00f3.<br><br>Por su parte, los trabajadores certificados agradecieron y destacaron la posibilidad otorgada por el<br>Estado y la empresa de poder acreditar sus conocimientos y experiencia a trav\u00e9s de este beneficio.<br>Uno de ellos fue John D\u00edaz Miranda, esforzado joven de 23 a\u00f1os, quien actualmente estudia y<br>trabaja y decidi\u00f3 certificar sus competencias en esta \u00e1rea.<br>Al ser consultado sobre su opci\u00f3n de acceder a esta evaluaci\u00f3n, explic\u00f3 que \u201cen lo laboral, esto me<br>da una gran oportunidad para poder desempe\u00f1arme en otros lugares, con estas capacidades<br>t\u00e9cnicas y con un conocimiento previo acreditado, adem\u00e1s, le da a la empresa la seguridad de que<br>puedo trabajar en esto y que tengo los conocimientos. El conocimiento no ocupa espacio, por eso<br>cada curso que me ofrecen, lo aprovecho al m\u00e1ximo y esto es algo que me sirve a m\u00ed, a mi familia<br>y, el d\u00eda de ma\u00f1ana, a mis futuros hijos\u201d.<br>Al mismo tiempo, D\u00edaz valor\u00f3 la coordinaci\u00f3n p\u00fablico-privada para otorgar esta posibilidad a las y<br>los trabajadores. \u201cEsta es una inversi\u00f3n que hacen las empresas, ellos entregan capacitaciones a<br>sus trabajadores para que puedan mejorar y es s\u00faper bueno, porque hay personas que pueden<br>llevar 20 a\u00f1os siendo andamieros y si requieren ir a trabajar a otro lado, no los van a aceptar,<br>porque no tienen certificado. Para estas personas que no tienen la posibilidad de acceder a<br>estudios t\u00e9cnicos y no tienen un t\u00edtulo, esta oportunidad es muy buena\u201d, destac\u00f3.<\/p>\n","protected":false},"excerpt":{"rendered":"<p>Un total de 21 trabajadores de la constructora Salfa Australrecibieron su certificaci\u00f3n de competencias laborales en el perfil ocupacional Maestro(a)Andamiero(a) de ChileValora, quienes, a partir de ahora, cuentan con un&#8230; <a class=\"read-more\" href=\"https:\/\/www.radiopresidenteibanez.cl\/web\/chilevalora-certifico-las-competencias-de-21-nuevos-maestros-andamieros\/\">Leer m\u00e1s<\/a><\/p>\n","protected":false},"author":2,"featured_media":46318,"comment_status":"closed","ping_status":"closed","sticky":false,"template":"","format":"standard","meta":{"footnotes":""},"categories":[1],"tags":[],"class_list":["post-46317","post","type-post","status-publish","format-standard","has-post-thumbnail","hentry","category-cronica"],"_links":{"self":[{"href":"https:\/\/www.radiopresidenteibanez.cl\/web\/wp-json\/wp\/v2\/posts\/46317","targetHints":{"allow":["GET"]}}],"collection":[{"href":"https:\/\/www.radiopresidenteibanez.cl\/web\/wp-json\/wp\/v2\/posts"}],"about":[{"href":"https:\/\/www.radiopresidenteibanez.cl\/web\/wp-json\/wp\/v2\/types\/post"}],"author":[{"embeddable":true,"href":"https:\/\/www.radiopresidenteibanez.cl\/web\/wp-json\/wp\/v2\/users\/2"}],"replies":[{"embeddable":true,"href":"https:\/\/www.radiopresidenteibanez.cl\/web\/wp-json\/wp\/v2\/comments?post=46317"}],"version-history":[{"count":0,"href":"https:\/\/www.radiopresidenteibanez.cl\/web\/wp-json\/wp\/v2\/posts\/46317\/revisions"}],"wp:featuredmedia":[{"embeddable":true,"href":"https:\/\/www.radiopresidenteibanez.cl\/web\/wp-json\/wp\/v2\/media\/46318"}],"wp:attachment":[{"href":"https:\/\/www.radiopresidenteibanez.cl\/web\/wp-json\/wp\/v2\/media?parent=46317"}],"wp:term":[{"taxonomy":"category","embeddable":true,"href":"https:\/\/www.radiopresidenteibanez.cl\/web\/wp-json\/wp\/v2\/categories?post=46317"},{"taxonomy":"post_tag","embeddable":true,"href":"https:\/\/www.radiopresidenteibanez.cl\/web\/wp-json\/wp\/v2\/tags?post=46317"}],"curies":[{"name":"wp","href":"https:\/\/api.w.org\/{rel}","templated":true}]}}