{"id":46302,"date":"2024-02-12T10:43:00","date_gmt":"2024-02-12T13:43:00","guid":{"rendered":"https:\/\/www.radiopresidenteibanez.cl\/web\/?p=46302"},"modified":"2024-02-12T09:21:44","modified_gmt":"2024-02-12T12:21:44","slug":"yo-te-doy-la-vida-entera-te-la-doy-te-la-entrego-companera-si-tu-llevas-la-bandera-sergio-ortega","status":"publish","type":"post","link":"https:\/\/www.radiopresidenteibanez.cl\/web\/yo-te-doy-la-vida-entera-te-la-doy-te-la-entrego-companera-si-tu-llevas-la-bandera-sergio-ortega\/","title":{"rendered":"Yo te doy la vida entera, te la doy te la entrego compa\u00f1era si tu llevas la bandera..\u00bb Sergio Ortega"},"content":{"rendered":"\n<p>&nbsp;Hace 71 a\u00f1os, un 12 de febrero de 1953 se iniciaba el Congreso Constituyente de la Central \u00danica de Trabajadores de Chile, que culmin\u00f3 el 16 de febrero.<br>Su primer presidente fue el compa\u00f1ero Clotario Blest Riffo quien estuvo al mando de la Central \u00danica hasta el a\u00f1o 1961.<br>Una parte de su declaraci\u00f3n de principios dice \u00ab.. la Central \u00danica de Trabajadores no es una central apol\u00edtica: por el contrario, representando la conjunci\u00f3n de todos los sectores de la masa trabajadora, su acci\u00f3n emancipadora la desarrollar\u00e1 por sobre los partidos pol\u00edticos, a fin de mantener su cohesi\u00f3n org\u00e1nica. [\u2026] La lucha sindical es parte integrante del movimiento general de clases del proletariado y de las masas explotadas, y en esta virtud no puede ni debe permanecer neutral en la lucha social y debe asumir el rol de direcci\u00f3n que le corresponde.<br>En consecuencia, declara que los sindicatos son organismos de defensa de los intereses y fines de los trabajadores dentro del sistema capitalista. Pero, al mismo tiempo, son organismos de lucha clasista que se\u00f1alan como meta para la emancipaci\u00f3n econ\u00f3mica de los mismos, o sea, la transformaci\u00f3n socialista de la sociedad, la abolici\u00f3n de clases y la organizaci\u00f3n de la vida humana mediante la supresi\u00f3n del estado opresor.\u00bb<\/p>\n\n\n\n<p>2.- En la actualidad existe un remedo de CUT, que ya no es \u00danica sino Unitaria, que abandon\u00f3 completamente la declaraci\u00f3n de principios de la Central \u00danica, adem\u00e1s de renunciar a su propia plataforma de lucha aprobada en agosto de 1988.<br>Esta Central de baja representatividad, habida cuenta del bajo n\u00famero de trabajadores organizados y cuya mayor fuerza radica en los trabajadores de la administraci\u00f3n p\u00fablica y que gasta todas sus energ\u00edas en tratar de conseguir espacios en el modelo imperante, ha dejado pasar infinidad de leyes que resienten gravemente no solo los derechos de los trabajadores sino tambi\u00e9n la propia organizaci\u00f3n sindical, al haber aceptado la derogaci\u00f3n de normas que hac\u00edan un parel\u00e9 a la corrupci\u00f3n, eliminando instrumentos de control para el correcto uso de los ingresos de las organizaciones.<br>Momento de ratificar principios y demandas, insistir en que los trabajadores deben educarse en sus derechos y desde esa educaci\u00f3n generar instrumentos que de verdad defiendan sus aspiraciones y apunten al cambio social tal y como se sosten\u00eda hace 71 a\u00f1os, al constituirse la Central \u00danica de Trabajadores.<\/p>\n","protected":false},"excerpt":{"rendered":"<p>&nbsp;Hace 71 a\u00f1os, un 12 de febrero de 1953 se iniciaba el Congreso Constituyente de la Central \u00danica de Trabajadores de Chile, que culmin\u00f3 el 16 de febrero.Su primer presidente&#8230; <a class=\"read-more\" href=\"https:\/\/www.radiopresidenteibanez.cl\/web\/yo-te-doy-la-vida-entera-te-la-doy-te-la-entrego-companera-si-tu-llevas-la-bandera-sergio-ortega\/\">Leer m\u00e1s<\/a><\/p>\n","protected":false},"author":2,"featured_media":46303,"comment_status":"closed","ping_status":"closed","sticky":false,"template":"","format":"standard","meta":{"footnotes":""},"categories":[1],"tags":[],"class_list":["post-46302","post","type-post","status-publish","format-standard","has-post-thumbnail","hentry","category-cronica"],"_links":{"self":[{"href":"https:\/\/www.radiopresidenteibanez.cl\/web\/wp-json\/wp\/v2\/posts\/46302","targetHints":{"allow":["GET"]}}],"collection":[{"href":"https:\/\/www.radiopresidenteibanez.cl\/web\/wp-json\/wp\/v2\/posts"}],"about":[{"href":"https:\/\/www.radiopresidenteibanez.cl\/web\/wp-json\/wp\/v2\/types\/post"}],"author":[{"embeddable":true,"href":"https:\/\/www.radiopresidenteibanez.cl\/web\/wp-json\/wp\/v2\/users\/2"}],"replies":[{"embeddable":true,"href":"https:\/\/www.radiopresidenteibanez.cl\/web\/wp-json\/wp\/v2\/comments?post=46302"}],"version-history":[{"count":0,"href":"https:\/\/www.radiopresidenteibanez.cl\/web\/wp-json\/wp\/v2\/posts\/46302\/revisions"}],"wp:featuredmedia":[{"embeddable":true,"href":"https:\/\/www.radiopresidenteibanez.cl\/web\/wp-json\/wp\/v2\/media\/46303"}],"wp:attachment":[{"href":"https:\/\/www.radiopresidenteibanez.cl\/web\/wp-json\/wp\/v2\/media?parent=46302"}],"wp:term":[{"taxonomy":"category","embeddable":true,"href":"https:\/\/www.radiopresidenteibanez.cl\/web\/wp-json\/wp\/v2\/categories?post=46302"},{"taxonomy":"post_tag","embeddable":true,"href":"https:\/\/www.radiopresidenteibanez.cl\/web\/wp-json\/wp\/v2\/tags?post=46302"}],"curies":[{"name":"wp","href":"https:\/\/api.w.org\/{rel}","templated":true}]}}