{"id":463,"date":"2019-01-14T18:49:33","date_gmt":"2019-01-14T18:49:33","guid":{"rendered":"http:\/\/www.radiopresidenteibanez.cl\/web\/?p=463"},"modified":"2019-01-14T18:49:49","modified_gmt":"2019-01-14T18:49:49","slug":"sesiona-primer-consejo-directivo-archi-2019","status":"publish","type":"post","link":"https:\/\/www.radiopresidenteibanez.cl\/web\/sesiona-primer-consejo-directivo-archi-2019\/","title":{"rendered":"SESIONA PRIMER CONSEJO DIRECTIVO ARCHI 2019"},"content":{"rendered":"\n<p>\n\nPresidentes regionales y el pleno de la mesa directiva, participaron este 10 y 11 de enero en el primer Consejo Directivo Nacional del a\u00f1o.<br>La sesi\u00f3n comenz\u00f3 con la tradicional cuenta del presidente, seguida de la carta de navegaci\u00f3n para el presente a\u00f1o en materias legislativas, de vinculaci\u00f3n con el medio, as\u00ed como las diversas acciones que se preparan para extender y profundizar la l\u00ednea de beneficios y convenios orientados a los socios.<br>Gran inter\u00e9s suscit\u00f3 tambi\u00e9n la pr\u00f3xima asamblea anual de socios que se realizar\u00e1 en Santa Cruz a fines de abril pr\u00f3ximo, raz\u00f3n por la cual abordaron de manera preliminar los principales hitos que tendr\u00e1 el evento radial y las diversas implicancias log\u00edsticas del mismo.<br><strong>Cena de reconocimiento<\/strong><br>La primera jornada concluy\u00f3 en el Hotel Galer\u00edas con una emotiva cena, donde fueron homenajeados los presidentes de los comit\u00e9s de Los R\u00edos, Arica y Parinacota y Antofagasta, quienes concluyen su per\u00edodo 2017 &#8211; 2019 a la cabeza de dichas directivas regionales.<br>De esta forma&nbsp;<strong>Paola Huentritripay de radio Atractiva de Los Lagos, Ricardo Castillo de radio Universidad de Tarapac\u00e1, y Eduardo Elgueta, de radio FM7 de Antofagasta,<\/strong>&nbsp;recibieron de parte de la mesa directiva Archi un reconocimiento a su gesti\u00f3n y profesionalismo para con sus respectivos comit\u00e9s en calidad de dirigentes.<br>\u00abArchi ha tenido el privilegio de contar con el aporte de tres grandes representantes que ejercieron su rol con determinaci\u00f3n y seriedad. Nuestra gratitud hacia su compromiso y capacidad de gestionar las diversas necesidades de sus regiones expresadas a trav\u00e9s de los socios y de la interrelaci\u00f3n con las autoridades locales, de manera eficiente y acertada\u00bb, destac\u00f3 Eduardo Mart\u00ednez, presidente de Archi, al comenzar el homenaje.<br>Por su parte y tras recibir su galard\u00f3n, la dirigente de Los Lagos, Paola Huentritripay agradeci\u00f3 a los presentes y asegur\u00f3 que \u00abla labor realizada a nivel regional me hizo crecer en todos los \u00e1mbitos\u00bb enfatiz\u00f3, para luego agregar que \u00abser dirigente de Archi es una tarea desafiante, pero muy enriquecedora\u00bb.<br>Luego fue el turno del director de radio UTA, Ricardo Castillo, quien, con m\u00e1s de 30 a\u00f1os ligado a la radio se apronta a dejar la presidencia en Arica: \u00abArchi me ha permitido conocer gente fant\u00e1stica a lo largo de estos a\u00f1os; gente con vocaci\u00f3n de servicio que ama a este medio de comunicaci\u00f3n que tantas satisfacciones nos da\u00bb, reflexion\u00f3.<br>Finalmente, un emocionado Eduardo Elgueta, de la segunda regi\u00f3n, al recibir su galard\u00f3n de manos de Jos\u00e9 Alberto Valdebenito y Eduardo Mart\u00ednez, agradeci\u00f3 a cada uno de los miembros del Consejo Directivo, colegas de su regi\u00f3n y socios Archi, porque se\u00f1al\u00f3 que \u00abtodos me han ense\u00f1ado algo valioso a lo largo de estos a\u00f1os&#8230; de todos ustedes aprend\u00ed algo y todo aquello lo atesorar\u00e9 siempre en mi coraz\u00f3n\u00bb.\n\n<\/p>\n","protected":false},"excerpt":{"rendered":"<p>Presidentes regionales y el pleno de la mesa directiva, participaron este 10 y 11 de enero en el primer Consejo Directivo Nacional del a\u00f1o.La sesi\u00f3n comenz\u00f3 con la tradicional cuenta&#8230; <a class=\"read-more\" href=\"https:\/\/www.radiopresidenteibanez.cl\/web\/sesiona-primer-consejo-directivo-archi-2019\/\">Leer m\u00e1s<\/a><\/p>\n","protected":false},"author":2,"featured_media":464,"comment_status":"closed","ping_status":"closed","sticky":false,"template":"","format":"standard","meta":{"footnotes":""},"categories":[1],"tags":[],"class_list":["post-463","post","type-post","status-publish","format-standard","has-post-thumbnail","hentry","category-cronica"],"_links":{"self":[{"href":"https:\/\/www.radiopresidenteibanez.cl\/web\/wp-json\/wp\/v2\/posts\/463","targetHints":{"allow":["GET"]}}],"collection":[{"href":"https:\/\/www.radiopresidenteibanez.cl\/web\/wp-json\/wp\/v2\/posts"}],"about":[{"href":"https:\/\/www.radiopresidenteibanez.cl\/web\/wp-json\/wp\/v2\/types\/post"}],"author":[{"embeddable":true,"href":"https:\/\/www.radiopresidenteibanez.cl\/web\/wp-json\/wp\/v2\/users\/2"}],"replies":[{"embeddable":true,"href":"https:\/\/www.radiopresidenteibanez.cl\/web\/wp-json\/wp\/v2\/comments?post=463"}],"version-history":[{"count":0,"href":"https:\/\/www.radiopresidenteibanez.cl\/web\/wp-json\/wp\/v2\/posts\/463\/revisions"}],"wp:featuredmedia":[{"embeddable":true,"href":"https:\/\/www.radiopresidenteibanez.cl\/web\/wp-json\/wp\/v2\/media\/464"}],"wp:attachment":[{"href":"https:\/\/www.radiopresidenteibanez.cl\/web\/wp-json\/wp\/v2\/media?parent=463"}],"wp:term":[{"taxonomy":"category","embeddable":true,"href":"https:\/\/www.radiopresidenteibanez.cl\/web\/wp-json\/wp\/v2\/categories?post=463"},{"taxonomy":"post_tag","embeddable":true,"href":"https:\/\/www.radiopresidenteibanez.cl\/web\/wp-json\/wp\/v2\/tags?post=463"}],"curies":[{"name":"wp","href":"https:\/\/api.w.org\/{rel}","templated":true}]}}