{"id":46299,"date":"2024-02-12T09:57:00","date_gmt":"2024-02-12T12:57:00","guid":{"rendered":"https:\/\/www.radiopresidenteibanez.cl\/web\/?p=46299"},"modified":"2024-02-12T09:13:20","modified_gmt":"2024-02-12T12:13:20","slug":"punta-arenas-envia-camion-con-ayuda-a-damnificados-de-la-quinta-region","status":"publish","type":"post","link":"https:\/\/www.radiopresidenteibanez.cl\/web\/punta-arenas-envia-camion-con-ayuda-a-damnificados-de-la-quinta-region\/","title":{"rendered":"PUNTA ARENAS ENVIA CAMION CON AYUDA A DAMNIFICADOS DE LA QUINTA REGION"},"content":{"rendered":"\n<p>Un primer cami\u00f3n cargado con parte de las cerca de 30 toneladas de alimentos no perecibles, agua embotellada, \u00fatiles de aseo y comida para mascotas, que se lograron reunir gracias a la solidaridad de las vecinas y vecinos que se trasladaron hasta los distintos centros de acopio de la ciudad, fue enviado durante la jornada de este s\u00e1bado por la Municipalidad de Punta Arenas, con el<\/p>\n\n\n\n<p>&nbsp;objetivo de apoyar a las familias afectadas por los incendios forestales ocurridos en la Regi\u00f3n de Valpara\u00edso.&nbsp;<\/p>\n\n\n\n<p>Fue as\u00ed como los aportes de la comunidad y de las distintas instituciones que se fueron sumando a la campa\u00f1a de ayuda organizada por el municipio local durante esta semana, sobre las \u00faltimas horas fueron clasificados en cajas y cargados al trailer por funcionarios municipales que ahondaron en esfuerzos para cumplir con los tiempos en el principal centro de acopio de la ciudad, que tuvo lugar en la Direcci\u00f3n de Desarrollo&nbsp;Comunitario (Dideco).<\/p>\n\n\n\n<p>De esta manera, el transporte gestionado por camioneros locales, pretende llegar el pr\u00f3ximo martes hasta las zonas m\u00e1s afectadas de la Quinta Regi\u00f3n, seg\u00fan explic\u00f3 el&nbsp;alcalde de Punta Arenas, Claudio Radonich, quien aprovech\u00f3 la instancia para agradecer la gran solidaridad de la comunidad magall\u00e1nica. \u00abPrimero quiero darle las gracias a los cientos de vecinas y vecinos que entregaron su cari\u00f1o y solidaridad para nuestras amigas y amigos de la Regi\u00f3n de Valpara\u00edso, que fueron muy afectados por los incendios forestales; uno ve todos los d\u00edas las im\u00e1genes que son dantescas y cada historia personal conmueve\u00bb, afirm\u00f3 el edil, quien agreg\u00f3 que \u00abesta es una ayuda directa que llegar\u00e1 la pr\u00f3xima semana a Quilpu\u00e9, donde ya nos comunicamos con la alcaldesa de la comuna para que esta colaboraci\u00f3n de cerca de 30 toneladas, que ir\u00e1 en dos camiones, sea recibida lo antes posible\u00bb.<\/p>\n\n\n\n<p>\u00abFueron 659 personas las que llegaron hasta nuestro acopio municipal para entregar sus aportes, a lo que se suma lo que reuni\u00f3 el Club de Leones en Zona Austral, el Mall Espacio Urbano, la Segunda y Tercera Compa\u00f1\u00eda de Bomberos, y empresas\u00bb, explic\u00f3 el jefe comunal, quien a\u00f1adi\u00f3 que \u00abquiero tambi\u00e9n agradecer a los camioneros locales de nuestra ciudad porque van a trasladar toda esta ayuda de manera totalmente gratuita, y tambi\u00e9n le agradecemos a Aduanas porque nos ha ayudado a cumplir con todos los procesos de manera muy r\u00e1pida\u00bb.&nbsp;<\/p>\n\n\n\n<p>En este mismo sentido, Carlos Estrada, presidente de la Asociaci\u00f3n Gremial de Due\u00f1os de Camiones de Punta Arenas, se\u00f1al\u00f3 que \u00abaprovecho de agradecer a Transportes Kuscic y Mercosur Cargo que son quienes han puesto a disposici\u00f3n estos dos camiones que trasladar\u00e1n los aportes, a Navimag que nos dio una gran ayuda facilitando dos pases libres para el tr\u00e1nsito mar\u00edtimo,&nbsp;y a los dem\u00e1s transportistas locales que han puesto a disposici\u00f3n otros cinco camiones en caso de ser requeridos\u00bb.&nbsp;<\/p>\n\n\n\n<p>Por su parte,&nbsp;el director de&nbsp;Aduanas&nbsp;Magallanes,&nbsp;<\/p>\n\n\n\n<p>Reinhold Andronoff, manifest\u00f3 que \u00abcomo instituci\u00f3n a nivel nacional estamos dando todas las facilidades para que la ayuda llegue lo m\u00e1s r\u00e1pido posible y en este caso en particular, al ser una zona extrema y zona franca, estamos haciendo las coordinaciones con la Aduana Argentina, Senasa y Sag; para que todo el proceso de transporte sea fluido y llegue lo antes posible\u00bb.&nbsp;<\/p>\n","protected":false},"excerpt":{"rendered":"<p>Un primer cami\u00f3n cargado con parte de las cerca de 30 toneladas de alimentos no perecibles, agua embotellada, \u00fatiles de aseo y comida para mascotas, que se lograron reunir gracias&#8230; <a class=\"read-more\" href=\"https:\/\/www.radiopresidenteibanez.cl\/web\/punta-arenas-envia-camion-con-ayuda-a-damnificados-de-la-quinta-region\/\">Leer m\u00e1s<\/a><\/p>\n","protected":false},"author":2,"featured_media":46300,"comment_status":"closed","ping_status":"closed","sticky":false,"template":"","format":"standard","meta":{"footnotes":""},"categories":[1],"tags":[],"class_list":["post-46299","post","type-post","status-publish","format-standard","has-post-thumbnail","hentry","category-cronica"],"_links":{"self":[{"href":"https:\/\/www.radiopresidenteibanez.cl\/web\/wp-json\/wp\/v2\/posts\/46299","targetHints":{"allow":["GET"]}}],"collection":[{"href":"https:\/\/www.radiopresidenteibanez.cl\/web\/wp-json\/wp\/v2\/posts"}],"about":[{"href":"https:\/\/www.radiopresidenteibanez.cl\/web\/wp-json\/wp\/v2\/types\/post"}],"author":[{"embeddable":true,"href":"https:\/\/www.radiopresidenteibanez.cl\/web\/wp-json\/wp\/v2\/users\/2"}],"replies":[{"embeddable":true,"href":"https:\/\/www.radiopresidenteibanez.cl\/web\/wp-json\/wp\/v2\/comments?post=46299"}],"version-history":[{"count":0,"href":"https:\/\/www.radiopresidenteibanez.cl\/web\/wp-json\/wp\/v2\/posts\/46299\/revisions"}],"wp:featuredmedia":[{"embeddable":true,"href":"https:\/\/www.radiopresidenteibanez.cl\/web\/wp-json\/wp\/v2\/media\/46300"}],"wp:attachment":[{"href":"https:\/\/www.radiopresidenteibanez.cl\/web\/wp-json\/wp\/v2\/media?parent=46299"}],"wp:term":[{"taxonomy":"category","embeddable":true,"href":"https:\/\/www.radiopresidenteibanez.cl\/web\/wp-json\/wp\/v2\/categories?post=46299"},{"taxonomy":"post_tag","embeddable":true,"href":"https:\/\/www.radiopresidenteibanez.cl\/web\/wp-json\/wp\/v2\/tags?post=46299"}],"curies":[{"name":"wp","href":"https:\/\/api.w.org\/{rel}","templated":true}]}}