{"id":46295,"date":"2024-02-12T09:05:31","date_gmt":"2024-02-12T12:05:31","guid":{"rendered":"https:\/\/www.radiopresidenteibanez.cl\/web\/?p=46295"},"modified":"2024-02-12T09:05:31","modified_gmt":"2024-02-12T12:05:31","slug":"chile-despide-a-pinera","status":"publish","type":"post","link":"https:\/\/www.radiopresidenteibanez.cl\/web\/chile-despide-a-pinera\/","title":{"rendered":"CHILE DESPIDE A PI\u00d1ERA"},"content":{"rendered":"\n<p>Amigos y amigas, otra semana m\u00e1s en Chile. Y \u00e9sta, que pas\u00f3, remeci\u00f3 hasta al m\u00e1s imp\u00e1vido. A\u00fan<br>est\u00e1bamos en todo el pa\u00eds, haciendo fuerzas, solidarizando y conmovi\u00e9ndonos por el gigantesco incendio que trunc\u00f3 m\u00e1s de cien vidas, y se llev\u00f3 los hogares y recuerdos de decenas de miles de personas. Pero estamos en Chile, y siempre puede pasar algo m\u00e1s. En esta ocasi\u00f3n fue el tr\u00e1gico accidente que produjo el fallecimiento del ex presidente Pi\u00f1era. Un evento que dej\u00f3 a todos consternados, \u201cla muerte me est\u00e1 siguiendo desde el d\u00eda que nac\u00ed, compadre\u201d, dec\u00eda un famoso trovador. Y parece que vivimos ignorando esta verdad, la \u201cpel\u00e1\u201d llega el d\u00eda menos pensado, y nos pilla desprevenidos. En este caso, un pa\u00eds entero, qued\u00f3 incr\u00e9dulo por varias horas, esperando la confirmaci\u00f3n oficial, de lo que ya circulaba por las redes sociales. El dolor de su familia, fue acompa\u00f1ado por una reacci\u00f3n transversal de solidaridad. El mes de febrero tra\u00eda m\u00e1s desaf\u00edos al presidente Boric, ya muy afectado por las escenas de dolor en los cerros de Vi\u00f1a y Quilpu\u00e9, debido al incendio. Le correspondi\u00f3 hacer frente a la partida de Sebasti\u00e1n Pi\u00f1era, y es por todos reconocido, que lo hizo con la formalidad y solemnidad que la ocasi\u00f3n ameritaba. Disponiendo de inmediato tres d\u00edas de duelo nacional, y que se rindiera honores al ex presidente, en un funeral de estado. <\/p>\n\n\n\n<p>El escenario principal fue la sede del congreso nacional en Santiago, all\u00ed se efectu\u00f3 el velatorio, con toda la pompa que el protocolo dispone. Por all\u00ed desfilaron miles de personas de a pie, modestos hombres y mujeres que alguna vez participaron en sus campa\u00f1as, o bien estaban agradecidos por su gesti\u00f3n como presidente. Creo que, de alg\u00fan modo, ver a tanta gente del pueblo, homenajeando al difunto, descoloc\u00f3 su resto, a los partidos de izquierda. Eso no impidi\u00f3, que mandatados por el presidente Boric, sus principales ministros y ministras del gabinete, hicieran guardia de honor, al f\u00e9retro.<br>Declaraciones apropiadas y respetuosas las hubo, hasta del ex precandidato presidencial, Daniel Jadue. En las ant\u00edpodas pol\u00edticas de Pi\u00f1era, incluso el liderazgo del PC, expres\u00f3 sus condolencias, aunque no se hizo presente en el velorio. Un punto alto lo pusieron la guardia de honor de la presidenta Bachelet, junto al presidente Eduardo Frei, y al presidente del Senado, Juan Antonio Coloma. Un hecho m\u00e1s valorado y destacado fuera del pa\u00eds, que aqu\u00ed dentro. La imagen es un poderoso s\u00edmbolo de nuestra estabilidad institucional, y de la calidad de nuestra convivencia democr\u00e1tica. Una escena impensada en otros pa\u00edses de la regi\u00f3n, incluso de otras latitudes.<br>No vamos a detallar ac\u00e1, el sinn\u00famero de gestos, los m\u00faltiples actos, que el rito del funeral de estado, contuvo.<br>S\u00f3lo decir, que impresion\u00f3 a todos, en particular a la familia del ex presidente Pi\u00f1era, las atenciones, y la<br>actitud de respeto, de cari\u00f1o y delicadeza, que demostr\u00f3 desde el primer momento, el presidente Gabriel Boric.<br>En medio de la adversidad que se enfrentaba con los incendios de la regi\u00f3n de Valpara\u00edso, se dio el tiempo para acompa\u00f1ar a la familia, y demostrar p\u00fablica y abiertamente, el respeto que se merece un ex presidente. Tambi\u00e9n tuvo gestos propios de su car\u00e1cter, abrazando efusivamente a la viuda y sus hijos. Punto aparte su discurso de homenaje en la iglesia catedral. No fueron simples palabras de buena crianza, el presidente fue capaz de sintetizar en su discurso, lo mejor de nuestra tradici\u00f3n republicana, valorando el aporte del adversario que parte.<br>Pero tambi\u00e9n, y quiz\u00e1s en lo que sac\u00f3 m\u00e1s ronchas, en un sector pol\u00edtico, fue el reconocimiento de que, durante el segundo mandato de Pi\u00f1era, la oposici\u00f3n fue m\u00e1s lejos de lo razonable. En ning\u00fan momento el presidente, moriger\u00f3, o atenu\u00f3, la firme defensa que la oposici\u00f3n hizo contra las violaciones a los DDHH, ocurridas durante el estallido social. Dej\u00f3 en claro que, en esa como en otras materias, tuvieron pensamientos y enfoques distintos. Pero, la valoraci\u00f3n general que hizo del ex presidente, como un dem\u00f3crata que defendi\u00f3 sus ideas, dentro del sistema democr\u00e1tico, gust\u00f3 m\u00e1s en la derecha, que en el progresismo. No se ha dicho, pero est\u00e1 claro que persiste hasta hoy, un juicio cr\u00edtico respecto de las decisiones del presidente Boric, en la hora clave. EL 15 de noviembre, el acuerdo que salv\u00f3 la institucionalidad democr\u00e1tica, y restituy\u00f3 la convivencia social pac\u00edfica en Chile, s\u00f3lo fue suscrito por el diputado Gabriel Boric, y los partidos del socialismo democr\u00e1tico. La valoraci\u00f3n que se hace del ex presidente Pi\u00f1era, va en ese sentido. En la hora nona, estuvo por mantener la institucionalidad democr\u00e1tica, y no ceder a las presiones de la derecha extrema. Con la perspectiva del tiempo,<br>con todo lo que hemos pasado como pa\u00eds en estos cinco a\u00f1os, fue totalmente acertada la decisi\u00f3n del ex<br>presidente Pi\u00f1era, y del sector de la oposici\u00f3n que concurri\u00f3 a la celebraci\u00f3n del acuerdo del 15 de noviembre.<\/p>\n\n\n\n<p>La solemnidad, y la belleza de los distintos momentos del funeral de estado, emocion\u00f3 a los de por all\u00e1 y<br>a los de por ac\u00e1. Un acto digno de nuestra rep\u00fablica, y que consol\u00f3 en parte el dolor de la familia y seres<br>queridos del ex presidente. Todo hasta ah\u00ed, con un tono de respeto y reconocimiento, transversales. Lo que hasta hoy d\u00eda, no se entiende, y nadie explica, es el ambiente de alborozo, en que un grupo de ex miembros de los gabinetes de Pi\u00f1era y dirigentes de los partidos de derecha, se tomaba fotos a la salida del congreso nacional, a metros de donde se velaba al ex presidente. Simplemente, chocante, verlos tan felices, chacoteando, como en un paseo de curso. Luego vinieron, para peor, las declaraciones a los medios, entre codazos, las figuras que pretenden las candidaturas municipales, y la presidencial. Sin ning\u00fan disimulo, tratando de estrujar, y sacar todo el provecho electoral posible de difunto. <\/p>\n\n\n\n<p>Lo m\u00e1s impactante, es que se dec\u00eda m\u00e1s o menos, que el ex presidente que era pre candidato presidencial, ya no estaba, y por tanto hab\u00eda que seguir carrera con los que quedan. De pronto, los mejores amigos y mejores amigas del extinto mandatario, se multiplicaban por doquier, todos<br>recordando supuestas an\u00e9cdotas y confidencias. Como la memoria es fr\u00e1gil, hasta la protagonista de la \u201cradio Kioto\u201d, ahora era mejor y querida amiga, del ex presidente Pi\u00f1era, barriendo bajo la alfombra, d\u00e9cadas de zancadillas y pasadas de cuenta. Daba verg\u00fcenza ajena, daba \u201cCringe\u201d como dicen ahora, ver tanta cara sonriente, mientras la familia velaba a su deudo. Dem\u00e1s est\u00e1 comentar, las frases para el bronce que se mandaron algunos. S\u00f3lo como bot\u00f3n de muestra, el ex ministro de transportes, se\u00f1or Err\u00e1zuriz, quien sostuvo que el ex presidente era un genio, que era como Leonardo Da Vinci. Totalmente innecesario, el finado tuvo  atributos de sobra. para triunfar en el \u00e1mbito de los negocios, donde amas\u00f3 una de las mayores fortunas de Chile. Pero que fue capaz tambi\u00e9n de triunfar en la pol\u00edtica, ni m\u00e1s ni menos, que ganando dos veces la presidencial. No es poco, ya eso daba para hacer buenos discursos de homenaje. Pero para cierto sector, al parecer nada es suficiente, y se cae en la exageraci\u00f3n, cuando no en la mentira, atribuyendo al finado, logros que no tuvo. En lo personal, me quedo con el discurso de la presidenta Bachelet, que, valorando la notable carrera pol\u00edtica de Pi\u00f1era, cuenta que este le consultaba, durante esos aciagos d\u00edas de 2019, y como por iniciativa del ex presidente se solicit\u00f3 a la ONU, enviar\u00e1 una misi\u00f3n a investigar las denuncias de violaciones a los DDHH. Tambi\u00e9n lo que el presidente Boric, se\u00f1al\u00f3 en su discurso, cuando cuenta que llam\u00f3 muy tarde esa misma semana al ex presidente Pi\u00f1era, para comentarle del desaf\u00edo de la reconstrucci\u00f3n de Vi\u00f1a y Quilpu\u00e9, y tambi\u00e9n de otros temas de la contingencia pol\u00edtica. Y refiere como, pese a la hora, el ex mandatario no solo le responde, sino compromete su apoyo. Esto amigos y amigas, es lo que vale la pena recordar, el hombre no fue<br>un santo, al igual que la mayor\u00eda de nosotros. Pero no ten\u00eda que serlo, ten\u00eda que servir al pueblo de Chile, seg\u00fan su mejor saber y entender, de acuerdo a su circunstancia, con sus caracter\u00edsticas personales, sus virtudes y defectos.<\/p>\n\n\n\n<p>Quedar\u00e1 a la historia juzgar la obra de sus dos gobiernos, y su aporte a la pol\u00edtica chilena. Pero sin<br>lugar a dudas, a su sector pol\u00edtico le dej\u00f3 una tarea, colaborar con el gobierno para la reconstrucci\u00f3n, y ser una oposici\u00f3n constructiva. Algunos de sus colaboradores cuentan que los hab\u00eda llamado, para iniciar ese trabajo, es de esperar que no desoigan ese llamado.<br>Nunca vot\u00e9 por Pi\u00f1era, ni pensaba hacerlo si era candidato el pr\u00f3ximo a\u00f1o, fui opositor a sus dos gobiernos, y pagu\u00e9 las consecuencias de serlo. Soy profundamente critico de su forma de hacer pol\u00edtica, sin embargo, su partida intempestiva me dio pena, lo lament\u00e9 por su familia, pero tambi\u00e9n por Chile. El hombre fue un pol\u00edtico de derecha, distante de los sectores m\u00e1s reaccionarios y conservadores, cumpl\u00eda un rol de equilibrio, imprescindible hoy d\u00eda, para destrabar el di\u00e1logo entre gobierno y oposici\u00f3n.<br>Ernesto Sep\u00falveda Tornero<\/p>\n","protected":false},"excerpt":{"rendered":"<p>Amigos y amigas, otra semana m\u00e1s en Chile. Y \u00e9sta, que pas\u00f3, remeci\u00f3 hasta al m\u00e1s imp\u00e1vido. A\u00fanest\u00e1bamos en todo el pa\u00eds, haciendo fuerzas, solidarizando y conmovi\u00e9ndonos por el gigantesco&#8230; <a class=\"read-more\" href=\"https:\/\/www.radiopresidenteibanez.cl\/web\/chile-despide-a-pinera\/\">Leer m\u00e1s<\/a><\/p>\n","protected":false},"author":2,"featured_media":46296,"comment_status":"closed","ping_status":"closed","sticky":false,"template":"","format":"standard","meta":{"footnotes":""},"categories":[1],"tags":[],"class_list":["post-46295","post","type-post","status-publish","format-standard","has-post-thumbnail","hentry","category-cronica"],"_links":{"self":[{"href":"https:\/\/www.radiopresidenteibanez.cl\/web\/wp-json\/wp\/v2\/posts\/46295","targetHints":{"allow":["GET"]}}],"collection":[{"href":"https:\/\/www.radiopresidenteibanez.cl\/web\/wp-json\/wp\/v2\/posts"}],"about":[{"href":"https:\/\/www.radiopresidenteibanez.cl\/web\/wp-json\/wp\/v2\/types\/post"}],"author":[{"embeddable":true,"href":"https:\/\/www.radiopresidenteibanez.cl\/web\/wp-json\/wp\/v2\/users\/2"}],"replies":[{"embeddable":true,"href":"https:\/\/www.radiopresidenteibanez.cl\/web\/wp-json\/wp\/v2\/comments?post=46295"}],"version-history":[{"count":0,"href":"https:\/\/www.radiopresidenteibanez.cl\/web\/wp-json\/wp\/v2\/posts\/46295\/revisions"}],"wp:featuredmedia":[{"embeddable":true,"href":"https:\/\/www.radiopresidenteibanez.cl\/web\/wp-json\/wp\/v2\/media\/46296"}],"wp:attachment":[{"href":"https:\/\/www.radiopresidenteibanez.cl\/web\/wp-json\/wp\/v2\/media?parent=46295"}],"wp:term":[{"taxonomy":"category","embeddable":true,"href":"https:\/\/www.radiopresidenteibanez.cl\/web\/wp-json\/wp\/v2\/categories?post=46295"},{"taxonomy":"post_tag","embeddable":true,"href":"https:\/\/www.radiopresidenteibanez.cl\/web\/wp-json\/wp\/v2\/tags?post=46295"}],"curies":[{"name":"wp","href":"https:\/\/api.w.org\/{rel}","templated":true}]}}