{"id":4629,"date":"2019-05-28T16:13:29","date_gmt":"2019-05-28T16:13:29","guid":{"rendered":"http:\/\/www.radiopresidenteibanez.cl\/web\/?p=4629"},"modified":"2019-05-28T16:14:20","modified_gmt":"2019-05-28T16:14:20","slug":"227-estudiantes-de-natales-recibieron-notebook-por-buen-rendimiento-de-parte-de-la-seremi-de-educacion","status":"publish","type":"post","link":"https:\/\/www.radiopresidenteibanez.cl\/web\/227-estudiantes-de-natales-recibieron-notebook-por-buen-rendimiento-de-parte-de-la-seremi-de-educacion\/","title":{"rendered":"227 ESTUDIANTES DE NATALES RECIBIERON NOTEBOOK POR BUEN RENDIMIENTO DE PARTE DE LA SEREMI DE EDUCACI\u00d3N"},"content":{"rendered":"\n<p>Hasta la comuna de Natales se traslad\u00f3 la Seremi de Educaci\u00f3n de Magallanes, Beatriz S\u00e1nchez Ca\u00f1ete, para hacer entrega personalmente de los computadores para estudiantes de establecimientos municipales y particulares subvencionados, que recibir\u00e1n estos equipos gracias a los Programas&nbsp;<strong>Yo Elijo mi PC y Me Conecto para Aprender,<\/strong>&nbsp;que dirige el Ministerio de Educaci\u00f3n a trav\u00e9s de Junaeb.<\/p>\n\n\n\n<p>La ceremonia de entrega se llev\u00f3 a cabo en dependencias de la Escuela Bernardo O\u00b4Higgins de Natales, instancia en la cual la Seremi destac\u00f3 la calidad t\u00e9cnica de los aparatos tecnol\u00f3gicos, \u201cque consideran no s\u00f3lo un equipo de excelente calidad sino que permitir\u00e1 que escolares con necesidades educativas especiales auditiva, intelectual y visual puedan acceder al mundo de la computaci\u00f3n e internet, gracias a la incorporaci\u00f3n de elementos de apoyo como aud\u00edfonos, mouse Kensington Trackball, protectores de teclado y alfombrilla antideslizante, entre otros productos adicionales para permitir la inclusi\u00f3n de todos los estudiantes\u201d, agreg\u00f3 Beatriz S\u00e1nchez.<\/p>\n\n\n\n<p>El compromiso de la autoridad regional es poder llegar a todas las comunas de la regi\u00f3n a entregar estos equipos, \u201cen un claro compromiso del Presidente Sebasti\u00e1n Pi\u00f1era que nos ha pedido descentralizar nuestra gesti\u00f3n. Hoy estamos en Natales, y llegaremos a comunas tan apartadas como Timaukel o Puerto Harris, en las pr\u00f3ximas semanas, para reconocer el m\u00e9rito y esfuerzo de estos estudiantes que gracias a su buen rendimiento reciben este notebook\u201d, dijo S\u00e1nchez.<\/p>\n\n\n\n<p>Los computadores forman parte de los programas Me Conecto Para Aprender y Yo Elijo Mi PC que hoy se enmarcan en la Beca Acceso TIC. Adem\u00e1s, cuentan con un a\u00f1o gratis de internet que va a permitir que los estudiantes se ejerciten, exploren y complementen sus aprendizajes dentro de la sala de clases.<\/p>\n\n\n\n<p>Los 1.257 computadores se entregar\u00e1n en las comunas de Punta Arenas, Natales, R\u00edo Verde, Torres del Payne, San Gregorio, Primavera, Porvenir, Timaukel, Laguna Blanca, Cabo de Hornos y en la escuela m\u00e1s alejada del pa\u00eds, ubicada en Puerto Harris.<\/p>\n\n\n\n<p>En la actividad, estuvo presente la Seremi de Educaci\u00f3n junto a las autoridades locales, entre ellas la Gobernadora de \u00daltima Esperanza Ana Mayorga; Fernando Paredes, Alcalde de Natales; Alcalde de Torres del Payne Roberto C\u00e1rdenas; directivos de la Corporaci\u00f3n Municipal de Natales, la Directora Regional (S) de Junaeb Vilma Aedo y la Directora de la Escuela Bernardo O\u00b4Higgins Liliana C\u00e1rcamo.<\/p>\n\n\n\n<p><strong>Encuesta sobre aceptabilidad del beneficio<\/strong><\/p>\n\n\n\n<p>Entre noviembre de 2018 y enero de 2019 se realiz\u00f3 una encuesta para conocer el nivel de aceptabilidad de los notebooks que distribuye el Mineduc, realizada a 2.856 beneficiarios (periodo 2016-2018).<\/p>\n\n\n\n<p>De ellos, el 94% de los encuestados dijo que utiliza el computador entregado por el programa (cifra supera el 89% entre los beneficiarios del a\u00f1o 2016); mientras que el 88% lo utiliza para buscar informaci\u00f3n en internet para estudiar o hacer trabajos; y el 77% accede a enciclopedias o diccionarios en l\u00ednea. Las conclusiones de la encuesta tambi\u00e9n entregaron como antecedente que, en m\u00e1s del 60% de los casos, este es el \u00fanico equipo de la familia.<\/p>\n\n\n\n<p><strong><br>Desglose de las cifras<\/strong><\/p>\n\n\n\n<p>Las becas de Tecnolog\u00edas de la Informaci\u00f3n y Comunicaci\u00f3n (TIC) unific\u00f3 los dos programas de entregas de computadores. Para el a\u00f1o 2019 este beneficio se distribuye de la siguiente manera:<\/p>\n\n\n\n<p>\u2022&nbsp;&nbsp;&nbsp;&nbsp;&nbsp;&nbsp;&nbsp;&nbsp;&nbsp;&nbsp;&nbsp;&nbsp; Yo Elijo mi PC beneficiar\u00e1 a 26.499 estudiantes en 2019 de 7\u00b0 a\u00f1o b\u00e1sico de escuelas particulares subvencionadas que cumplan criterios de vulnerabilidad y buen promedio de notas.<\/p>\n\n\n\n<p>\u00b7&nbsp;&nbsp;&nbsp;&nbsp;&nbsp;&nbsp;&nbsp;&nbsp;&nbsp;&nbsp;&nbsp;&nbsp;&nbsp;&nbsp;&nbsp;&nbsp;&nbsp;&nbsp;&nbsp;&nbsp;&nbsp;En Magallanes ser\u00e1n 1.257 estudiantes. Natales recibi\u00f3 227 equipos.<\/p>\n\n\n\n<p>\u2022&nbsp;&nbsp;&nbsp;&nbsp;&nbsp;&nbsp;&nbsp;&nbsp;&nbsp;&nbsp;&nbsp;&nbsp; Me Conecto para Aprender, beneficiar\u00e1 a 93.572 en 2019 estudiantes de colegios municipales y p\u00fablicos del pa\u00eds.<\/p>\n\n\n\n<p>\u2022&nbsp;&nbsp;&nbsp;&nbsp;&nbsp;&nbsp;&nbsp;&nbsp;&nbsp;&nbsp;&nbsp;&nbsp; Adem\u00e1s, se suman los computadores dirigidos a estudiantes de Escuelas Especiales con discapacidad visual, auditiva o intelectual 2.471 estudiantes quienes junto con el computador recibir\u00e1n apoyos t\u00e9cnicos para una mejor comprensi\u00f3n de los recursos digitales; y estudiantes de educaci\u00f3n de adultos. La entrega est\u00e1 programada entre el 12 de agosto hasta el 27 de septiembre de 2019.<\/p>\n\n\n\n<p>\u2022\u00a0\u00a0\u00a0\u00a0\u00a0\u00a0\u00a0\u00a0\u00a0\u00a0\u00a0\u00a0 Existe un remanente de 7 mil computadores que van destinados a alumnos que apelan, alumnos que se cambiaron de colegios y los destinados a Educaci\u00f3n de Adultos.<\/p>\n\n\n\n<figure class=\"wp-block-image\"><img loading=\"lazy\" decoding=\"async\" width=\"1024\" height=\"768\" src=\"https:\/\/www.radiopresidenteibanez.cl\/web\/wp-content\/uploads\/2019\/05\/db884c65-bc70-4c26-bbdb-46ee9162bc45-1024x768.jpg\" alt=\"\" class=\"wp-image-4630\" srcset=\"https:\/\/www.radiopresidenteibanez.cl\/web\/wp-content\/uploads\/2019\/05\/db884c65-bc70-4c26-bbdb-46ee9162bc45-1024x768.jpg 1024w, https:\/\/www.radiopresidenteibanez.cl\/web\/wp-content\/uploads\/2019\/05\/db884c65-bc70-4c26-bbdb-46ee9162bc45-300x225.jpg 300w, https:\/\/www.radiopresidenteibanez.cl\/web\/wp-content\/uploads\/2019\/05\/db884c65-bc70-4c26-bbdb-46ee9162bc45-768x576.jpg 768w, https:\/\/www.radiopresidenteibanez.cl\/web\/wp-content\/uploads\/2019\/05\/db884c65-bc70-4c26-bbdb-46ee9162bc45.jpg 1280w\" sizes=\"auto, (max-width: 1024px) 100vw, 1024px\" \/><\/figure>\n","protected":false},"excerpt":{"rendered":"<p>Hasta la comuna de Natales se traslad\u00f3 la Seremi de Educaci\u00f3n de Magallanes, Beatriz S\u00e1nchez Ca\u00f1ete, para hacer entrega personalmente de los computadores para estudiantes de establecimientos municipales y particulares&#8230; <a class=\"read-more\" href=\"https:\/\/www.radiopresidenteibanez.cl\/web\/227-estudiantes-de-natales-recibieron-notebook-por-buen-rendimiento-de-parte-de-la-seremi-de-educacion\/\">Leer m\u00e1s<\/a><\/p>\n","protected":false},"author":2,"featured_media":4630,"comment_status":"closed","ping_status":"closed","sticky":false,"template":"","format":"standard","meta":{"footnotes":""},"categories":[1],"tags":[],"class_list":["post-4629","post","type-post","status-publish","format-standard","has-post-thumbnail","hentry","category-cronica"],"_links":{"self":[{"href":"https:\/\/www.radiopresidenteibanez.cl\/web\/wp-json\/wp\/v2\/posts\/4629","targetHints":{"allow":["GET"]}}],"collection":[{"href":"https:\/\/www.radiopresidenteibanez.cl\/web\/wp-json\/wp\/v2\/posts"}],"about":[{"href":"https:\/\/www.radiopresidenteibanez.cl\/web\/wp-json\/wp\/v2\/types\/post"}],"author":[{"embeddable":true,"href":"https:\/\/www.radiopresidenteibanez.cl\/web\/wp-json\/wp\/v2\/users\/2"}],"replies":[{"embeddable":true,"href":"https:\/\/www.radiopresidenteibanez.cl\/web\/wp-json\/wp\/v2\/comments?post=4629"}],"version-history":[{"count":0,"href":"https:\/\/www.radiopresidenteibanez.cl\/web\/wp-json\/wp\/v2\/posts\/4629\/revisions"}],"wp:featuredmedia":[{"embeddable":true,"href":"https:\/\/www.radiopresidenteibanez.cl\/web\/wp-json\/wp\/v2\/media\/4630"}],"wp:attachment":[{"href":"https:\/\/www.radiopresidenteibanez.cl\/web\/wp-json\/wp\/v2\/media?parent=4629"}],"wp:term":[{"taxonomy":"category","embeddable":true,"href":"https:\/\/www.radiopresidenteibanez.cl\/web\/wp-json\/wp\/v2\/categories?post=4629"},{"taxonomy":"post_tag","embeddable":true,"href":"https:\/\/www.radiopresidenteibanez.cl\/web\/wp-json\/wp\/v2\/tags?post=4629"}],"curies":[{"name":"wp","href":"https:\/\/api.w.org\/{rel}","templated":true}]}}