{"id":46261,"date":"2024-02-09T10:27:00","date_gmt":"2024-02-09T13:27:00","guid":{"rendered":"https:\/\/www.radiopresidenteibanez.cl\/web\/?p=46261"},"modified":"2024-02-09T09:26:34","modified_gmt":"2024-02-09T12:26:34","slug":"esta-vida-sabe-vivirla-dia-de-la-parodia-y-nota-manche-son-camilla-ma-cu-sabura-canta-cesaria-evora","status":"publish","type":"post","link":"https:\/\/www.radiopresidenteibanez.cl\/web\/esta-vida-sabe-vivirla-dia-de-la-parodia-y-nota-manche-son-camilla-ma-cu-sabura-canta-cesaria-evora\/","title":{"rendered":"Esta vida sabe vivirla d\u00eda de la parodia y nota manch\u00e9 son camilla ma cu sabura..\u00bb canta Cesaria Evora"},"content":{"rendered":"\n<p>&nbsp;Siempre hemos dejado claro que nuestra posici\u00f3n la defendemos hasta el final. No es que seamos infalibles pues antes de ratificar cualquier cosa si es menester se consulta con los abogados, pero lo concreto es que jam\u00e1s vamos a buscar correcciones para minimizar o modificar aquello que fue presentado como irrenunciable.<br>Por cierto que escuchamos y ponemos atenci\u00f3n a todo lo que se diga y fundamente, pero no saldr\u00e1 de nosotros la validaci\u00f3n de algo que ya fue rechazado.<br>Los trabajadores tienen y tendr\u00e1n siempre la facultad definitiva de resolver sobre aquellos temas en litigio, a\u00fan cuando determinen aceptar todo o parte de los argumentos que en principio rechazaron. Ser\u00e1 tarea nuestra profundizar en el an\u00e1lisis de lo que pudo pasar para que cambiara la percepci\u00f3n.<br>Claro, influyen el temor, la incertidumbre, pero quienes dirigen deben haber previsto el escenario y quienes asesoran habr\u00e1n orientado sobre los caminos que podr\u00edan presentarse.<br>Si pese a ello, dirigentes y trabajadores aceptan algo menor a lo que definieron como irrenunciable, no queda m\u00e1s que aceptar la decisi\u00f3n y seguir trabajando para corregir errores y deficiencias, para llegar en mejor pie a la pr\u00f3xima negociaci\u00f3n.<\/p>\n\n\n\n<p>2.- Lo que s\u00ed est\u00e1 fuera de discusi\u00f3n es que un dirigente no tiene ni tendr\u00e1 la potestad de tomar determinaciones por s\u00ed mismo, sin consultar al resto de la directiva, y menos haci\u00e9ndose eco de informaciones de la patronal que no han sido informadas por sus pares en la directiva.<br>Nadie puede ser tan iluso y creer que una informaci\u00f3n del patr\u00f3n es v\u00e1lida, en tanto no sea confirmada por el total de la directiva y para eso lo m\u00ednimo es consultar con los dem\u00e1s integrantes del directorio.<br>La buena fe es valiosa y necesaria pero lo es entre iguales, nunca con el adversario que solo ha buscado minimizar o destruir la organizaci\u00f3n.<br>Con un conflicto en desarrollo no se toma ninguna decisi\u00f3n unipersonal, solo el directorio y la asamblea tiene facultades para revertir acuerdos.<br>Nunca debemos olvidarlo.<\/p>\n","protected":false},"excerpt":{"rendered":"<p>&nbsp;Siempre hemos dejado claro que nuestra posici\u00f3n la defendemos hasta el final. No es que seamos infalibles pues antes de ratificar cualquier cosa si es menester se consulta con los&#8230; <a class=\"read-more\" href=\"https:\/\/www.radiopresidenteibanez.cl\/web\/esta-vida-sabe-vivirla-dia-de-la-parodia-y-nota-manche-son-camilla-ma-cu-sabura-canta-cesaria-evora\/\">Leer m\u00e1s<\/a><\/p>\n","protected":false},"author":2,"featured_media":46262,"comment_status":"closed","ping_status":"closed","sticky":false,"template":"","format":"standard","meta":{"footnotes":""},"categories":[1],"tags":[],"class_list":["post-46261","post","type-post","status-publish","format-standard","has-post-thumbnail","hentry","category-cronica"],"_links":{"self":[{"href":"https:\/\/www.radiopresidenteibanez.cl\/web\/wp-json\/wp\/v2\/posts\/46261","targetHints":{"allow":["GET"]}}],"collection":[{"href":"https:\/\/www.radiopresidenteibanez.cl\/web\/wp-json\/wp\/v2\/posts"}],"about":[{"href":"https:\/\/www.radiopresidenteibanez.cl\/web\/wp-json\/wp\/v2\/types\/post"}],"author":[{"embeddable":true,"href":"https:\/\/www.radiopresidenteibanez.cl\/web\/wp-json\/wp\/v2\/users\/2"}],"replies":[{"embeddable":true,"href":"https:\/\/www.radiopresidenteibanez.cl\/web\/wp-json\/wp\/v2\/comments?post=46261"}],"version-history":[{"count":0,"href":"https:\/\/www.radiopresidenteibanez.cl\/web\/wp-json\/wp\/v2\/posts\/46261\/revisions"}],"wp:featuredmedia":[{"embeddable":true,"href":"https:\/\/www.radiopresidenteibanez.cl\/web\/wp-json\/wp\/v2\/media\/46262"}],"wp:attachment":[{"href":"https:\/\/www.radiopresidenteibanez.cl\/web\/wp-json\/wp\/v2\/media?parent=46261"}],"wp:term":[{"taxonomy":"category","embeddable":true,"href":"https:\/\/www.radiopresidenteibanez.cl\/web\/wp-json\/wp\/v2\/categories?post=46261"},{"taxonomy":"post_tag","embeddable":true,"href":"https:\/\/www.radiopresidenteibanez.cl\/web\/wp-json\/wp\/v2\/tags?post=46261"}],"curies":[{"name":"wp","href":"https:\/\/api.w.org\/{rel}","templated":true}]}}