{"id":46225,"date":"2024-02-07T10:11:00","date_gmt":"2024-02-07T13:11:00","guid":{"rendered":"https:\/\/www.radiopresidenteibanez.cl\/web\/?p=46225"},"modified":"2024-02-07T10:00:35","modified_gmt":"2024-02-07T13:00:35","slug":"familias-conocieron-las-viviendas-pilotos-del-proyecto-tierra-austral-4","status":"publish","type":"post","link":"https:\/\/www.radiopresidenteibanez.cl\/web\/familias-conocieron-las-viviendas-pilotos-del-proyecto-tierra-austral-4\/","title":{"rendered":"FAMILIAS CONOCIERON LAS VIVIENDAS PILOTOS DEL PROYECTO TIERRA AUSTRAL 4"},"content":{"rendered":"\n<p>En el marco de las actividades del Plan de Habilitaci\u00f3n Social que contemplan los proyectos habitacionales del Minvu, este martes 140 familias de Punta Arenas visitaron las viviendas pilotos del proyecto Tierra Austral 4.<\/p>\n\n\n\n<p>Se trata de 140 departamentos de 60m2, distribuidos en siete edificios, y equipados con estar comedor, cocina, logia, ba\u00f1o y tres dormitorios. Todas con ventanas termopanel, calefacci\u00f3n central y cer\u00e1micos en ba\u00f1o y cocina.<\/p>\n\n\n\n<p>\u201cEl Plan de Emergencia Habitacional que nos encomend\u00f3 el Presidente Gabriel Boric avanza a pie firme en la regi\u00f3n.&nbsp;El conjunto Tierra Austral 4 es uno de cinco proyectos que el Minvu planific\u00f3 junto a las poblaciones Nelda Panicucci y Domingo Espi\u00f1eira, con cerca de 600 viviendas. Dos ya fueron entregados y otros tres est\u00e1n en construcci\u00f3n\u201d, destac\u00f3 el&nbsp;Seremi de Vivienda y Urbanismo,&nbsp;<strong>Marco Uribe Saldivia<\/strong>.<\/p>\n\n\n\n<p>Todos los edificios cuentan con hall de acceso terminado, con cer\u00e1micos de piso y pintura granulada en paredes y cielo, m\u00e1s un cuarto para dejar la basura. El condominio cuenta con sala de uso m\u00faltiple de 80m2, \u00e1reas verdes, alumbrado p\u00fablico, estacionamientos y zonas de juegos infantiles.<\/p>\n\n\n\n<p>\u201cLa visita a las viviendas pilotos&nbsp;es un hito muy importante para las familias, porque pueden ver, medir y proyectar como ser\u00e1 su hogar\u201d, dijo el Director (S) del Serviu,&nbsp;<strong>Omar Gonz\u00e1lez Asenjo<\/strong>, agregando que \u201cestas soluciones habitacionales son parte de las 2.467 viviendas que actualmente est\u00e1n en construcci\u00f3n, siendo un gran aporte para disminuir el d\u00e9ficit habitacional y un gran impulso econ\u00f3mico para la regi\u00f3n\u201d.<\/p>\n\n\n\n<p><strong>Barrios integrados<\/strong><strong><\/strong><\/p>\n\n\n\n<p>Este proyecto&nbsp;tiene un 56% de avance y&nbsp;es ejecutado por la entidad patrocinante&nbsp;Inmobiliaria Salfa Austral, con la supervisi\u00f3n del Serviu. Considera una inversi\u00f3n cercana a los 8.900 millones de pesos, aportados por el Ministerio de Vivienda y Urbanismo y las familias.<\/p>\n\n\n\n<p>\u201cFue s\u00faper informativa (la visita). Cambia mucho el poder ver en el momento y en el lugar todo lo que nos hab\u00edan comentado este tiempo. Ya es muy real y puedes imaginar c\u00f3mo quieres hacer tu casa\u201d, coment\u00f3&nbsp;<strong>Mar\u00eda Jos\u00e9 Campos<\/strong>, beneficiaria del proyecto.<\/p>\n\n\n\n<p>Para&nbsp;<strong>Andr\u00e9s Gallardo<\/strong>, tambi\u00e9n parte de la agrupaci\u00f3n Tierra Austral 4, fue una muy buena instancia, ya que \u201caclararon bastante puntos y dudas que nos hab\u00edan surgido en el camino. Todo muy ordenado y lindos los departamentos. La verdad es que nos sorprendi\u00f3 la visita, estuvo muy buena en t\u00e9rminos generales\u201d.<\/p>\n\n\n\n<p>Estos conjuntos se ubican frente al terreno donde el Minvu construir\u00e1 su Plan Urbano Habitacional, que incluir\u00e1 viviendas, un jard\u00edn infantil en un terreno que se traspas\u00f3 a la Junji y un parque de dos hect\u00e1reas. \u201cEsto habla del rol que el gobierno tiene que jugar, de planificar ciudad con una mirada de equidad territorial\u201d, finaliz\u00f3 el Seremi Marco Uribe.<\/p>\n\n\n\n<p>A la fecha, el Plan de Emergencia Habitacional del Minvu tiene un 82% de avance en la regi\u00f3n de Magallanes, con&nbsp;1.603&nbsp;viviendas entregadas y&nbsp;2.467&nbsp;soluciones habitacionales en construcci\u00f3n.<\/p>\n","protected":false},"excerpt":{"rendered":"<p>En el marco de las actividades del Plan de Habilitaci\u00f3n Social que contemplan los proyectos habitacionales del Minvu, este martes 140 familias de Punta Arenas visitaron las viviendas pilotos del&#8230; <a class=\"read-more\" href=\"https:\/\/www.radiopresidenteibanez.cl\/web\/familias-conocieron-las-viviendas-pilotos-del-proyecto-tierra-austral-4\/\">Leer m\u00e1s<\/a><\/p>\n","protected":false},"author":2,"featured_media":46226,"comment_status":"closed","ping_status":"closed","sticky":false,"template":"","format":"standard","meta":{"footnotes":""},"categories":[1],"tags":[],"class_list":["post-46225","post","type-post","status-publish","format-standard","has-post-thumbnail","hentry","category-cronica"],"_links":{"self":[{"href":"https:\/\/www.radiopresidenteibanez.cl\/web\/wp-json\/wp\/v2\/posts\/46225","targetHints":{"allow":["GET"]}}],"collection":[{"href":"https:\/\/www.radiopresidenteibanez.cl\/web\/wp-json\/wp\/v2\/posts"}],"about":[{"href":"https:\/\/www.radiopresidenteibanez.cl\/web\/wp-json\/wp\/v2\/types\/post"}],"author":[{"embeddable":true,"href":"https:\/\/www.radiopresidenteibanez.cl\/web\/wp-json\/wp\/v2\/users\/2"}],"replies":[{"embeddable":true,"href":"https:\/\/www.radiopresidenteibanez.cl\/web\/wp-json\/wp\/v2\/comments?post=46225"}],"version-history":[{"count":0,"href":"https:\/\/www.radiopresidenteibanez.cl\/web\/wp-json\/wp\/v2\/posts\/46225\/revisions"}],"wp:featuredmedia":[{"embeddable":true,"href":"https:\/\/www.radiopresidenteibanez.cl\/web\/wp-json\/wp\/v2\/media\/46226"}],"wp:attachment":[{"href":"https:\/\/www.radiopresidenteibanez.cl\/web\/wp-json\/wp\/v2\/media?parent=46225"}],"wp:term":[{"taxonomy":"category","embeddable":true,"href":"https:\/\/www.radiopresidenteibanez.cl\/web\/wp-json\/wp\/v2\/categories?post=46225"},{"taxonomy":"post_tag","embeddable":true,"href":"https:\/\/www.radiopresidenteibanez.cl\/web\/wp-json\/wp\/v2\/tags?post=46225"}],"curies":[{"name":"wp","href":"https:\/\/api.w.org\/{rel}","templated":true}]}}