{"id":46181,"date":"2024-02-05T12:34:00","date_gmt":"2024-02-05T15:34:00","guid":{"rendered":"https:\/\/www.radiopresidenteibanez.cl\/web\/?p=46181"},"modified":"2024-02-05T10:18:04","modified_gmt":"2024-02-05T13:18:04","slug":"programacion-semanal-de-el-ultimo-tren-a-casa-24","status":"publish","type":"post","link":"https:\/\/www.radiopresidenteibanez.cl\/web\/programacion-semanal-de-el-ultimo-tren-a-casa-24\/","title":{"rendered":"PROGRAMACI\u00d3N SEMANAL DE \u00abEL \u00daLTIMO TREN A CASA\u00bb"},"content":{"rendered":"\n<p><em>\u00abEl \u00faltimo tren a casa\u00bb<\/em>&nbsp;programa que produce el&nbsp;<em>Colectivo Aczi\u00f3n Kultural<\/em>&nbsp;y que conduce&nbsp;<em>Pedro Guichapany&nbsp;<\/em>en radio Pdte. Ib\u00e1\u00f1ez program\u00f3 para la semana comprendida entre el lunes 05 de febrero al viernes 09 de febrero de 2024:<\/p>\n\n\n\n<p>&#8211; Lunes 05:&nbsp;<em>Violeta Parra,<\/em>&nbsp;57 a\u00f1os de su muerte.&nbsp;<em>Los Jaivas<\/em>&nbsp;<em>\u201cObras de Violeta Parra\u00bb<\/em>.<\/p>\n\n\n\n<p>&#8211; Martes 06: Nacimiento de&nbsp;<em>Bob Marley<\/em>, el rey del reggae. Su pel\u00edcula biogr\u00e1fica se estrena el 14 de febrero pr\u00f3ximo en los cines de Chile. Recordamos sus grandes \u00e9xitos.<\/p>\n\n\n\n<p>&#8211; Mi\u00e9rcoles 07:&nbsp;<em>\u201cDelicado Sonido del Trueno\u201d<\/em>, concierto de&nbsp;<em>Pink Floyd<\/em>&nbsp;sin Roger Waters. Gira del disco \u201cUn lapso moment\u00e1neo de raz\u00f3n\u201d<\/p>\n\n\n\n<p>Jueves 08: Muerte de&nbsp;<em>Luis Alberto Spinetta<\/em>&nbsp;a los 62 a\u00f1os. Una selecci\u00f3n de su inmensa m\u00fasica.<\/p>\n\n\n\n<p>&#8211; Viernes 09:&nbsp;<em>Violeta Parra,&nbsp;<\/em>57 a\u00f1os de su muerte.<em>&nbsp;Los Jaivas&nbsp;<\/em>y&nbsp;<em>\u00abObras de Violeta Parra\u00bb.<\/em>&nbsp;Los Jaivas \u201cObras de Violeta Parra.<\/p>\n\n\n\n<p>Produce:&nbsp;<em>Colectivo Aczi\u00f3n Kultural<\/em><\/p>\n\n\n\n<p>Medio:&nbsp;<em>Radio Presidente Ib\u00e1\u00f1ez &#8211; 88.5 FM &#8211;&nbsp;<a href=\"http:\/\/www.radiopresidenteibanez.cl\/\" target=\"_blank\" rel=\"noreferrer noopener\">www.radiopresidenteibanez.cl<\/a>&nbsp;&#8211; Canal 34 Tv Red Premium &#8211; facebook live<\/em><\/p>\n\n\n\n<p>Dibujo:&nbsp;<em>Chico Alegr\u00eda\/Pinguino Mutante<\/em><\/p>\n\n\n\n<p><em>\u00abDedicamos nuestros programas a nuestro querido Chico Alegr\u00eda deseando su pronta recuperaci\u00f3n. Que la m\u00fasica te brinde energ\u00edas amigo\u00bb.<\/em><\/p>\n","protected":false},"excerpt":{"rendered":"<p>\u00abEl \u00faltimo tren a casa\u00bb&nbsp;programa que produce el&nbsp;Colectivo Aczi\u00f3n Kultural&nbsp;y que conduce&nbsp;Pedro Guichapany&nbsp;en radio Pdte. Ib\u00e1\u00f1ez program\u00f3 para la semana comprendida entre el lunes 05 de febrero al viernes 09&#8230; <a class=\"read-more\" href=\"https:\/\/www.radiopresidenteibanez.cl\/web\/programacion-semanal-de-el-ultimo-tren-a-casa-24\/\">Leer m\u00e1s<\/a><\/p>\n","protected":false},"author":2,"featured_media":46182,"comment_status":"closed","ping_status":"closed","sticky":false,"template":"","format":"standard","meta":{"footnotes":""},"categories":[1],"tags":[],"class_list":["post-46181","post","type-post","status-publish","format-standard","has-post-thumbnail","hentry","category-cronica"],"_links":{"self":[{"href":"https:\/\/www.radiopresidenteibanez.cl\/web\/wp-json\/wp\/v2\/posts\/46181","targetHints":{"allow":["GET"]}}],"collection":[{"href":"https:\/\/www.radiopresidenteibanez.cl\/web\/wp-json\/wp\/v2\/posts"}],"about":[{"href":"https:\/\/www.radiopresidenteibanez.cl\/web\/wp-json\/wp\/v2\/types\/post"}],"author":[{"embeddable":true,"href":"https:\/\/www.radiopresidenteibanez.cl\/web\/wp-json\/wp\/v2\/users\/2"}],"replies":[{"embeddable":true,"href":"https:\/\/www.radiopresidenteibanez.cl\/web\/wp-json\/wp\/v2\/comments?post=46181"}],"version-history":[{"count":0,"href":"https:\/\/www.radiopresidenteibanez.cl\/web\/wp-json\/wp\/v2\/posts\/46181\/revisions"}],"wp:featuredmedia":[{"embeddable":true,"href":"https:\/\/www.radiopresidenteibanez.cl\/web\/wp-json\/wp\/v2\/media\/46182"}],"wp:attachment":[{"href":"https:\/\/www.radiopresidenteibanez.cl\/web\/wp-json\/wp\/v2\/media?parent=46181"}],"wp:term":[{"taxonomy":"category","embeddable":true,"href":"https:\/\/www.radiopresidenteibanez.cl\/web\/wp-json\/wp\/v2\/categories?post=46181"},{"taxonomy":"post_tag","embeddable":true,"href":"https:\/\/www.radiopresidenteibanez.cl\/web\/wp-json\/wp\/v2\/tags?post=46181"}],"curies":[{"name":"wp","href":"https:\/\/api.w.org\/{rel}","templated":true}]}}