{"id":46142,"date":"2024-02-01T18:02:00","date_gmt":"2024-02-01T21:02:00","guid":{"rendered":"https:\/\/www.radiopresidenteibanez.cl\/web\/?p=46142"},"modified":"2024-02-01T11:06:16","modified_gmt":"2024-02-01T14:06:16","slug":"enap-promueve-el-conocimiento-energetico-en-ninos-y-ninas-de-punta-arenas","status":"publish","type":"post","link":"https:\/\/www.radiopresidenteibanez.cl\/web\/enap-promueve-el-conocimiento-energetico-en-ninos-y-ninas-de-punta-arenas\/","title":{"rendered":"ENAP PROMUEVE EL CONOCIMIENTO ENERGETICO EN NI\u00d1OS Y NI\u00d1AS DE PUNTA ARENAS"},"content":{"rendered":"\n<p>Cerca de 15 ni\u00f1os y ni\u00f1as dieron el vamos a las visitas guiadas que Enap realiza en la Sala de la Energ\u00eda del Museo Maggiorino Borgatello en Punta Arenas. La actividad es parte de la programaci\u00f3n que el municipio de la capital regional realiza para entregar espacios de entretenci\u00f3n y educaci\u00f3n a los menores que son parte de los Centros de Cuidados de Temporada, un trabajo colaborativo que impulsa la Secretar\u00eda Regional Ministerial de Desarrollo Social.<\/p>\n\n\n\n<p>Son cerca de 100 ni\u00f1os\/as, quienes se dividen en grupos para asistir a la Sala de la Energ\u00eda, lugar donde podr\u00e1n realizar un recorrido por la historia energ\u00e9tica de Magallanes y tendr\u00e1n la posibilidad de conocer los procesos productivos de la estatal, especialmente el gas, un recurso esencial para el desarrollo de la regi\u00f3n.<\/p>\n\n\n\n<p>\u201cEstamos muy contentos de mantener un trabajo colaborativo con la Municipalidad de Punta Arenas, generando -en este caso- instancias de esparcimiento y educaci\u00f3n para los ni\u00f1os y ni\u00f1as de la comuna que participan en este programa. Lo van a pasar bien y lo que es m\u00e1s importante, van a aprender mucho sobre la riqueza energ\u00e9tica que tiene Magallanes. Nuestra sala es un espacio interactivo que est\u00e1 pensado especialmente para los m\u00e1s peque\u00f1os, con posibilidades de ejecutar algunas acciones\u201d, explic\u00f3 el jefe de Comunidades de Enap Magallanes, Alfonso Pacheco.<\/p>\n\n\n\n<p>Por su parte, desde la Direcci\u00f3n de Desarrollo Comunitario de la Municipalidad de Punta Arenas, Camila V\u00e1squez, cuenta que desde que comenzaron con este programa,&nbsp;\u201chemos tenido una alta convocatoria, con padres y cuidadores comprometidos, lo que se ha visto reflejado en la asistencia de ni\u00f1os y ni\u00f1as a estas jornadas. Diariamente, se han realizado diferentes actividades, gracias al apoyo de diversas organizaciones -p\u00fablicas y privadas- de la regi\u00f3n, enfocadas en el \u00e1mbito deportivo, socioeducativo, recreativo, l\u00fadico, vida saludable, contacto con la naturaleza, culturales, entre otros\u201d, afirm\u00f3.<\/p>\n\n\n\n<p>Las actividades junto a Enap est\u00e1n programadas para los d\u00edas 30 y 31 de enero, y 1, 8 y 9 de febrero.<\/p>\n","protected":false},"excerpt":{"rendered":"<p>Cerca de 15 ni\u00f1os y ni\u00f1as dieron el vamos a las visitas guiadas que Enap realiza en la Sala de la Energ\u00eda del Museo Maggiorino Borgatello en Punta Arenas. La&#8230; <a class=\"read-more\" href=\"https:\/\/www.radiopresidenteibanez.cl\/web\/enap-promueve-el-conocimiento-energetico-en-ninos-y-ninas-de-punta-arenas\/\">Leer m\u00e1s<\/a><\/p>\n","protected":false},"author":2,"featured_media":46143,"comment_status":"closed","ping_status":"closed","sticky":false,"template":"","format":"standard","meta":{"footnotes":""},"categories":[1],"tags":[],"class_list":["post-46142","post","type-post","status-publish","format-standard","has-post-thumbnail","hentry","category-cronica"],"_links":{"self":[{"href":"https:\/\/www.radiopresidenteibanez.cl\/web\/wp-json\/wp\/v2\/posts\/46142","targetHints":{"allow":["GET"]}}],"collection":[{"href":"https:\/\/www.radiopresidenteibanez.cl\/web\/wp-json\/wp\/v2\/posts"}],"about":[{"href":"https:\/\/www.radiopresidenteibanez.cl\/web\/wp-json\/wp\/v2\/types\/post"}],"author":[{"embeddable":true,"href":"https:\/\/www.radiopresidenteibanez.cl\/web\/wp-json\/wp\/v2\/users\/2"}],"replies":[{"embeddable":true,"href":"https:\/\/www.radiopresidenteibanez.cl\/web\/wp-json\/wp\/v2\/comments?post=46142"}],"version-history":[{"count":0,"href":"https:\/\/www.radiopresidenteibanez.cl\/web\/wp-json\/wp\/v2\/posts\/46142\/revisions"}],"wp:featuredmedia":[{"embeddable":true,"href":"https:\/\/www.radiopresidenteibanez.cl\/web\/wp-json\/wp\/v2\/media\/46143"}],"wp:attachment":[{"href":"https:\/\/www.radiopresidenteibanez.cl\/web\/wp-json\/wp\/v2\/media?parent=46142"}],"wp:term":[{"taxonomy":"category","embeddable":true,"href":"https:\/\/www.radiopresidenteibanez.cl\/web\/wp-json\/wp\/v2\/categories?post=46142"},{"taxonomy":"post_tag","embeddable":true,"href":"https:\/\/www.radiopresidenteibanez.cl\/web\/wp-json\/wp\/v2\/tags?post=46142"}],"curies":[{"name":"wp","href":"https:\/\/api.w.org\/{rel}","templated":true}]}}