{"id":46130,"date":"2024-02-01T12:06:00","date_gmt":"2024-02-01T15:06:00","guid":{"rendered":"https:\/\/www.radiopresidenteibanez.cl\/web\/?p=46130"},"modified":"2024-02-01T09:57:53","modified_gmt":"2024-02-01T12:57:53","slug":"concierto-en-la-azotea-del-grupo-the-beatles","status":"publish","type":"post","link":"https:\/\/www.radiopresidenteibanez.cl\/web\/concierto-en-la-azotea-del-grupo-the-beatles\/","title":{"rendered":"CONCIERTO EN LA AZOTEA DEL GRUPO THE BEATLES"},"content":{"rendered":"\n<p>Este viernes 19 hrs. el programa&nbsp;<em>\u201cEl \u00faltimo tren a casa\u201d<\/em>&nbsp;que produce el&nbsp;<em>Colectivo Aczi\u00f3n Kultural&nbsp;<\/em>y que conduce&nbsp;<em>Pedro Guichapany<\/em>&nbsp;en radio Presidente Ib\u00e1\u00f1ez presenta una edici\u00f3n dedicada a recordar un hito en la m\u00fasica: 55 a\u00f1os de la realizaci\u00f3n del&nbsp;<em>\u201cConcierto en la Azotea\u201d<\/em>&nbsp;del grupo&nbsp;<em>The Beatles<\/em>.<\/p>\n\n\n\n<p>Historia<\/p>\n\n\n\n<p>El mediod\u00eda del 30 de enero de 1969, la banda brit\u00e1nica The Beatles comenzaba el llamado Concierto en la azotea. El cuarteto de Liverpool, acompa\u00f1ados del tecladista Billy Preston, se reuni\u00f3 de forma sorpresiva en la azotea de los Apple Corps \u2013el estudio de grabaci\u00f3n de la banda\u2013 en Londres, y tocaron durante unos 40 minutos en el que ser\u00eda su \u00faltimo concierto en vivo.<\/p>\n\n\n\n<p>No obstante, no se trat\u00f3 realmente de un concierto, sino de una actuaci\u00f3n improvisada en la que ni siquiera hab\u00eda p\u00fablico, salvo algunos trabajadores de las oficinas de Apple Corps y algunos polic\u00edas. El grupo llevaba dos a\u00f1os y cinco meses sin hacer una gira y hab\u00eda decidido no hacer m\u00e1s. Su \u00faltimo concierto hab\u00eda sido el celebrado en Candlestick Park, San Francisco el 29 de agosto de 1966.<\/p>\n\n\n\n<p>La banda toc\u00f3 hasta que las quejas de los vecinos de la zona llevaron a la polic\u00eda a poner fin al concierto.&nbsp;<\/p>\n\n\n\n<p>Varias de las canciones terminaron por incluirse en el disco&nbsp;<strong>Let It Be<\/strong>. Al d\u00eda siguiente, 31 de enero, The Beatles grabaron algunas otras canciones que pod\u00edan interpretarse en directo (como los temas&nbsp;<em>\u00abLet It Be\u00bb o \u00abFor You Blue\u00bb<\/em>), con lo que se puso fin a las sesiones para aquel disco.<\/p>\n\n\n\n<p>El concierto es recordado hasta nuestros d\u00edas como una revoluci\u00f3n en la m\u00fasica.<\/p>\n\n\n\n<p>Lista de canciones<\/p>\n\n\n\n<p><em>&#8211; \u00abGet Back\u00bb<\/em>&nbsp;(toma uno)<\/p>\n\n\n\n<p><em>&#8211; \u00abGet Back\u00bb<\/em>&nbsp;(toma dos)<\/p>\n\n\n\n<p><em>&#8211; \u00abDon&#8217;t Let Me Down\u00bb<\/em>&nbsp;(toma uno)<\/p>\n\n\n\n<p><em>&#8211; \u00abI&#8217;ve Got a Feeling\u00bb<\/em>&nbsp;(toma uno)<\/p>\n\n\n\n<p><em>&#8211; \u00abOne After 909\u00bb<\/em><\/p>\n\n\n\n<p><em>&#8211; \u00abDig a Pony\u00bb<\/em><\/p>\n\n\n\n<p><em>&#8211; \u00abGod Save The Queen\u00bb<\/em>&nbsp;(Tradicional, arreglos por John Lennon, Paul McCartney, George Harrison, y Richard Starkey)<\/p>\n\n\n\n<p>&#8211;&nbsp;<em>\u00abI&#8217;ve Got a Feeling\u00bb<\/em>&nbsp;(toma dos)<\/p>\n\n\n\n<p><em>&#8211; \u00abDon&#8217;t Let Me Down\u00bb&nbsp;<\/em>(toma dos)<\/p>\n\n\n\n<p><em>&#8211; \u00abGet Back\u00bb<\/em>&nbsp;(toma tres)<\/p>\n\n\n\n<p>M\u00fasicos<\/p>\n\n\n\n<p><em>Ringo Starr, Paul McCartney, John Lennon, George Harrison y Billy Preston.<\/em><\/p>\n","protected":false},"excerpt":{"rendered":"<p>Este viernes 19 hrs. el programa&nbsp;\u201cEl \u00faltimo tren a casa\u201d&nbsp;que produce el&nbsp;Colectivo Aczi\u00f3n Kultural&nbsp;y que conduce&nbsp;Pedro Guichapany&nbsp;en radio Presidente Ib\u00e1\u00f1ez presenta una edici\u00f3n dedicada a recordar un hito en la&#8230; <a class=\"read-more\" href=\"https:\/\/www.radiopresidenteibanez.cl\/web\/concierto-en-la-azotea-del-grupo-the-beatles\/\">Leer m\u00e1s<\/a><\/p>\n","protected":false},"author":2,"featured_media":46131,"comment_status":"closed","ping_status":"closed","sticky":false,"template":"","format":"standard","meta":{"footnotes":""},"categories":[1],"tags":[],"class_list":["post-46130","post","type-post","status-publish","format-standard","has-post-thumbnail","hentry","category-cronica"],"_links":{"self":[{"href":"https:\/\/www.radiopresidenteibanez.cl\/web\/wp-json\/wp\/v2\/posts\/46130","targetHints":{"allow":["GET"]}}],"collection":[{"href":"https:\/\/www.radiopresidenteibanez.cl\/web\/wp-json\/wp\/v2\/posts"}],"about":[{"href":"https:\/\/www.radiopresidenteibanez.cl\/web\/wp-json\/wp\/v2\/types\/post"}],"author":[{"embeddable":true,"href":"https:\/\/www.radiopresidenteibanez.cl\/web\/wp-json\/wp\/v2\/users\/2"}],"replies":[{"embeddable":true,"href":"https:\/\/www.radiopresidenteibanez.cl\/web\/wp-json\/wp\/v2\/comments?post=46130"}],"version-history":[{"count":0,"href":"https:\/\/www.radiopresidenteibanez.cl\/web\/wp-json\/wp\/v2\/posts\/46130\/revisions"}],"wp:featuredmedia":[{"embeddable":true,"href":"https:\/\/www.radiopresidenteibanez.cl\/web\/wp-json\/wp\/v2\/media\/46131"}],"wp:attachment":[{"href":"https:\/\/www.radiopresidenteibanez.cl\/web\/wp-json\/wp\/v2\/media?parent=46130"}],"wp:term":[{"taxonomy":"category","embeddable":true,"href":"https:\/\/www.radiopresidenteibanez.cl\/web\/wp-json\/wp\/v2\/categories?post=46130"},{"taxonomy":"post_tag","embeddable":true,"href":"https:\/\/www.radiopresidenteibanez.cl\/web\/wp-json\/wp\/v2\/tags?post=46130"}],"curies":[{"name":"wp","href":"https:\/\/api.w.org\/{rel}","templated":true}]}}