{"id":46068,"date":"2024-01-30T10:54:00","date_gmt":"2024-01-30T13:54:00","guid":{"rendered":"https:\/\/www.radiopresidenteibanez.cl\/web\/?p=46068"},"modified":"2024-01-30T10:44:58","modified_gmt":"2024-01-30T13:44:58","slug":"cuatro-comunas-fueron-seleccionadas-en-llamado-n33-del-programa-de-pavimentacion-participativa-del-minvu","status":"publish","type":"post","link":"https:\/\/www.radiopresidenteibanez.cl\/web\/cuatro-comunas-fueron-seleccionadas-en-llamado-n33-del-programa-de-pavimentacion-participativa-del-minvu\/","title":{"rendered":"CUATRO COMUNAS FUERON SELECCIONADAS EN LLAMADO N\u00b033 DEL PROGRAMA DE PAVIMENTACION PARTICIPATIVA DEL MINVU"},"content":{"rendered":"\n<p>El anuncio fue realizado este lunes por el Seremi de Vivienda y Urbanismo, Marco Uribe Saldivia, junto al Director Regional (S) del Serviu, Omar Gonz\u00e1lez Asenjo, en calle Lo Curro, entre Avenida Pedro Aguirre Cerda y calle Daniel Cruz Ram\u00edrez, uno de los 27 puntos seleccionados en el Llamado N\u00b033 del Programa de Pavimentaci\u00f3n Participativa del Minvu, para la capital regional.<\/p>\n\n\n\n<p>El Seremi Marco Uribe Saldivia inform\u00f3 \u201cEl Programa de Pavimentos Participativos cumple 30 a\u00f1os este 2024 y estamos muy contentos ya que se nos prioriz\u00f3, somos la cuarta regi\u00f3n que va a recibir mayores recursos a nivel nacional, duplicando lo que se entreg\u00f3 de manera sectorial el a\u00f1o pasado, con una cifra de 9 mil quinientos millones de pesos, con lo que vamos a abarcar tres de las cuatro provincias.\u201d.<\/p>\n\n\n\n<p>La autoridad agreg\u00f3 \u201cMediante este programa estamos avanzando en descentralizaci\u00f3n, por primera vez vamos a llegar a la comuna de Timaukel, con construcci\u00f3n de aceras. Estaremos tambi\u00e9n en Primavera y Cabo de Hornos, totalizando la pavimentaci\u00f3n de m\u00e1s de 10 kil\u00f3metros de calzadas y aceras en la Regi\u00f3n\u201d.<\/p>\n\n\n\n<p>A trav\u00e9s del Llamado N\u00b033, se pavimentar\u00e1n 7 kil\u00f3metros lineales de calzadas y aceras en Punta Arenas; 660 metros lineales de calzadas en Primavera; 830 metros lineales de aceras en Timaukel y 2.300 metros lineales de calzadas en Cabo de Hornos.<\/p>\n\n\n\n<p><strong>Ejecuci\u00f3n de obras del 32 Llamado de Pavimentaci\u00f3n Participativa<\/strong><\/p>\n\n\n\n<p>Al mismo tiempo, el Seremi Uribe y el Director Regional (S) del Serviu, Omar Gonz\u00e1lez Asenjo, dieron a conocer el inicio de ejecuci\u00f3n de obras correspondientes al Llamado N\u00b032 del Programa de Pavimentaci\u00f3n Participativa, el cual abarcar\u00e1 las comunas de Punta Arenas y Primavera.<\/p>\n\n\n\n<p>Acerca del contrato, el Director Regional (S) del Serviu, Omar Gonz\u00e1lez Asenjo, explic\u00f3 \u201cEl llamado N\u00b032 fue adjudicado en diciembre del a\u00f1o pasado e inici\u00f3 obras ahora en enero. Son alrededor de 8 kil\u00f3metros de calzadas y aceras de las comunas de Punta Arenas y Primavera, trabajos que tienen 450 d\u00edas de plazo para ser ejecutados por la empresa Salfa que se adjudic\u00f3 las obras\u201d.<\/p>\n\n\n\n<p>El Director Regional (S) del Serviu precis\u00f3 que en el caso de Punta Arenas \u201ccomenzaron los trabajos en calle Padre Aliberti y posteriormente continuar\u00e1n en las aceras de las calles, Jos\u00e9 Baeriswyl, Jos\u00e9 Pestalozzi y varias otras del sector donde se ubica el colegio Luterano. Durante el a\u00f1o se pavimentar\u00e1n importantes calles como Elvira Rub\u00edn en R\u00edo Seco y cabe destacar la organizaci\u00f3n de los vecinos para la pavimentaci\u00f3n del condominio Edificio Bulnes, las aceras de Playa Norte Sur, de avenida Espa\u00f1a con Ignacio Carrera Pinto y el pasaje Espa\u00f1a entre Angamos y Carrera, que mejorar\u00e1n la calidad de vida de quienes viven ah\u00ed, pero tambi\u00e9n de la comunidad en general, que hace uso de esas v\u00edas\u201d.<\/p>\n\n\n\n<p>Las autoridades llamaron a vecinas y vecinos a organizarse en comit\u00e9s y postular a trav\u00e9s de los diferentes Municipios de la Regi\u00f3n para pavimentar calles de tierra o reponer pavimentos en calzadas y aceras en mal estado. Respecto al aporte solicitado por el programa, quedan exentos aquellos sectores que son o han sido parte del Programa Quiero mi Barrio.<\/p>\n","protected":false},"excerpt":{"rendered":"<p>El anuncio fue realizado este lunes por el Seremi de Vivienda y Urbanismo, Marco Uribe Saldivia, junto al Director Regional (S) del Serviu, Omar Gonz\u00e1lez Asenjo, en calle Lo Curro,&#8230; <a class=\"read-more\" href=\"https:\/\/www.radiopresidenteibanez.cl\/web\/cuatro-comunas-fueron-seleccionadas-en-llamado-n33-del-programa-de-pavimentacion-participativa-del-minvu\/\">Leer m\u00e1s<\/a><\/p>\n","protected":false},"author":2,"featured_media":46069,"comment_status":"closed","ping_status":"closed","sticky":false,"template":"","format":"standard","meta":{"footnotes":""},"categories":[1],"tags":[],"class_list":["post-46068","post","type-post","status-publish","format-standard","has-post-thumbnail","hentry","category-cronica"],"_links":{"self":[{"href":"https:\/\/www.radiopresidenteibanez.cl\/web\/wp-json\/wp\/v2\/posts\/46068","targetHints":{"allow":["GET"]}}],"collection":[{"href":"https:\/\/www.radiopresidenteibanez.cl\/web\/wp-json\/wp\/v2\/posts"}],"about":[{"href":"https:\/\/www.radiopresidenteibanez.cl\/web\/wp-json\/wp\/v2\/types\/post"}],"author":[{"embeddable":true,"href":"https:\/\/www.radiopresidenteibanez.cl\/web\/wp-json\/wp\/v2\/users\/2"}],"replies":[{"embeddable":true,"href":"https:\/\/www.radiopresidenteibanez.cl\/web\/wp-json\/wp\/v2\/comments?post=46068"}],"version-history":[{"count":0,"href":"https:\/\/www.radiopresidenteibanez.cl\/web\/wp-json\/wp\/v2\/posts\/46068\/revisions"}],"wp:featuredmedia":[{"embeddable":true,"href":"https:\/\/www.radiopresidenteibanez.cl\/web\/wp-json\/wp\/v2\/media\/46069"}],"wp:attachment":[{"href":"https:\/\/www.radiopresidenteibanez.cl\/web\/wp-json\/wp\/v2\/media?parent=46068"}],"wp:term":[{"taxonomy":"category","embeddable":true,"href":"https:\/\/www.radiopresidenteibanez.cl\/web\/wp-json\/wp\/v2\/categories?post=46068"},{"taxonomy":"post_tag","embeddable":true,"href":"https:\/\/www.radiopresidenteibanez.cl\/web\/wp-json\/wp\/v2\/tags?post=46068"}],"curies":[{"name":"wp","href":"https:\/\/api.w.org\/{rel}","templated":true}]}}