{"id":46065,"date":"2024-01-30T09:59:00","date_gmt":"2024-01-30T12:59:00","guid":{"rendered":"https:\/\/www.radiopresidenteibanez.cl\/web\/?p=46065"},"modified":"2024-01-30T09:10:28","modified_gmt":"2024-01-30T12:10:28","slug":"fiesta-a-la-chilena-conto-con-el-apoyo-de-gasco-magallanes","status":"publish","type":"post","link":"https:\/\/www.radiopresidenteibanez.cl\/web\/fiesta-a-la-chilena-conto-con-el-apoyo-de-gasco-magallanes\/","title":{"rendered":"FIESTA A LA CHILENA CONTO CON EL APOYO DE GASCO MAGALLANES"},"content":{"rendered":"\n<p>Entre el viernes 26 y domingo 28 de enero se realiz\u00f3 la Fiesta a la Chilena en la Villa Cerro Castillo, actividad que invit\u00f3 a los asistentes a sumergirse en una experiencia enriquecedora que abarca desde emocionantes jineteadas hasta vibrante folclore, pasando por exquisitas comidas t\u00edpicas, artesan\u00edas aut\u00e9nticas, m\u00fasica en vivo y mucho m\u00e1s.<\/p>\n\n\n\n<p>El evento, organizado por la Municipalidad de Torres del Paine, cont\u00f3 con una gran cantidad de asistentes entre los que se apreciaron turistas de diversos or\u00edgenes quienes aprovecharon de interiorizarse sobre las costumbres campesinas de Chile y Magallanes.<\/p>\n\n\n\n<p>Anah\u00ed C\u00e1rdenas, Alcaldesa de Torres del Paine, realiz\u00f3 un positivo balance de la actividad, destacando el emplazamiento de un escenario central en el que se presentaron artistas. \u201cEl s\u00e1bado la familia pudo disfrutar, los m\u00e1s peque\u00f1os pudieron realizar distintas actividades que ten\u00edamos programadas para ellos. Tambi\u00e9n mezclamos la parte gaucha, los huasos y la Escuadra Patag\u00f3nica de mujeres que queremos seguir cultivando\u201d, enfatiz\u00f3 la edil.<\/p>\n\n\n\n<p>La actividad cont\u00f3 con el respaldo de GASCO Magallanes que aport\u00f3 con los costos de la producci\u00f3n. Valentina Concha, Encargada de Marketing de la compa\u00f1\u00eda agradeci\u00f3 a la Municipalidad de Torres del Paine por la invitaci\u00f3n a participar de esta actividad costumbrista. \u201cEs muy importante respaldar los esfuerzos que se realizan por mantener viva la cultura campesina de la Patagonia, generar iniciativas de esparcimiento como as\u00ed tambi\u00e9n mostrar nuestras costumbres a los turistas\u201d, indic\u00f3.<\/p>\n","protected":false},"excerpt":{"rendered":"<p>Entre el viernes 26 y domingo 28 de enero se realiz\u00f3 la Fiesta a la Chilena en la Villa Cerro Castillo, actividad que invit\u00f3 a los asistentes a sumergirse en&#8230; <a class=\"read-more\" href=\"https:\/\/www.radiopresidenteibanez.cl\/web\/fiesta-a-la-chilena-conto-con-el-apoyo-de-gasco-magallanes\/\">Leer m\u00e1s<\/a><\/p>\n","protected":false},"author":2,"featured_media":46066,"comment_status":"closed","ping_status":"closed","sticky":false,"template":"","format":"standard","meta":{"footnotes":""},"categories":[1],"tags":[],"class_list":["post-46065","post","type-post","status-publish","format-standard","has-post-thumbnail","hentry","category-cronica"],"_links":{"self":[{"href":"https:\/\/www.radiopresidenteibanez.cl\/web\/wp-json\/wp\/v2\/posts\/46065","targetHints":{"allow":["GET"]}}],"collection":[{"href":"https:\/\/www.radiopresidenteibanez.cl\/web\/wp-json\/wp\/v2\/posts"}],"about":[{"href":"https:\/\/www.radiopresidenteibanez.cl\/web\/wp-json\/wp\/v2\/types\/post"}],"author":[{"embeddable":true,"href":"https:\/\/www.radiopresidenteibanez.cl\/web\/wp-json\/wp\/v2\/users\/2"}],"replies":[{"embeddable":true,"href":"https:\/\/www.radiopresidenteibanez.cl\/web\/wp-json\/wp\/v2\/comments?post=46065"}],"version-history":[{"count":0,"href":"https:\/\/www.radiopresidenteibanez.cl\/web\/wp-json\/wp\/v2\/posts\/46065\/revisions"}],"wp:featuredmedia":[{"embeddable":true,"href":"https:\/\/www.radiopresidenteibanez.cl\/web\/wp-json\/wp\/v2\/media\/46066"}],"wp:attachment":[{"href":"https:\/\/www.radiopresidenteibanez.cl\/web\/wp-json\/wp\/v2\/media?parent=46065"}],"wp:term":[{"taxonomy":"category","embeddable":true,"href":"https:\/\/www.radiopresidenteibanez.cl\/web\/wp-json\/wp\/v2\/categories?post=46065"},{"taxonomy":"post_tag","embeddable":true,"href":"https:\/\/www.radiopresidenteibanez.cl\/web\/wp-json\/wp\/v2\/tags?post=46065"}],"curies":[{"name":"wp","href":"https:\/\/api.w.org\/{rel}","templated":true}]}}