{"id":46042,"date":"2024-01-29T13:47:00","date_gmt":"2024-01-29T16:47:00","guid":{"rendered":"https:\/\/www.radiopresidenteibanez.cl\/web\/?p=46042"},"modified":"2024-01-29T10:33:49","modified_gmt":"2024-01-29T13:33:49","slug":"abren-postulacion-a-fondo-que-apoya-la-digitalizacion-de-almacenes-de-barrio","status":"publish","type":"post","link":"https:\/\/www.radiopresidenteibanez.cl\/web\/abren-postulacion-a-fondo-que-apoya-la-digitalizacion-de-almacenes-de-barrio\/","title":{"rendered":"ABREN POSTULACION A FONDO QUE APOYA LA DIGITALIZACION DE ALMACENES DE BARRIO"},"content":{"rendered":"\n<p>La seremi de Econom\u00eda, Fomento y Turismo junto al Servicio de<br>Cooperaci\u00f3n T\u00e9cnica anunciaron la apertura de las postulaciones al programa Digitaliza tu<br>Almac\u00e9n, que apoya el fortalecimiento de los peque\u00f1os negocios de barrio mediante la<br>incorporaci\u00f3n de herramientas digitales.<br>Esta convocatoria cuenta con un presupuesto de $1.510 millones, con los que se espera<br>beneficiar a 409 almaceneros y almaceneras a nivel nacional. Aquellos que resulten<br>beneficiarios recibir\u00e1n un subsidio de $2.750.000, monto 17% mayor que el otorgado el a\u00f1o<br>pasado, que podr\u00e1n destinar a inversiones como la compra de m\u00e1quinas, equipos y<br>herramientas digitales que permitan fortalecer la gesti\u00f3n interna y los procesos de venta del<br>almac\u00e9n, adem\u00e1s de asistencia t\u00e9cnica, capacitaci\u00f3n y marketing para promover el negocio en<br>la era digital.<br>El lanzamiento regional fue encabezado por la seremi de Econom\u00eda, Fomento y Turismo,<br>Marlene Espa\u00f1a y la directora regional (s) de Sercotec, Natasha Alarc\u00f3n, quienes visitaron el<br>almac\u00e9n \u201cDon Carlos\u201d, ubicado en Los Aguiluchos #39, este almac\u00e9n pertenece a do\u00f1a Adela<br>Vargas, beneficiaria de la convocatoria 2023, en dicho lugar se expusieron las inversiones<br>realizadas para transitar desde el uso del cuaderno a las herramientas digitales.<br>\u201cHoy damos inicio a las postulaciones a la versi\u00f3n 2024 de Digitaliza Tu Almac\u00e9n, iniciativa que<br>busca modernizar y digitalizar almacenes de barrio, sabemos que en un comienzo la creaci\u00f3n de<br>inventarios, compra de m\u00e1quinas refrigerantes y herramientas digitales puede ser un poco<br>complicado, por lo que estamos muy contentos con los avances que nos cuenta do\u00f1a Adela,<br>quien logr\u00f3 adquirir software de inventario para un mejor control del abastecimiento y valor de<br>sus productos, tambi\u00e9n pudo adquirir un cooler de refrigeraci\u00f3n para productos congelados<br>entre otros bienes. As\u00ed que quiero invitar a todos los almaceneros de la regi\u00f3n a postular a<br>Digitaliza Tu Almac\u00e9n\u201d se\u00f1al\u00f3 la seremi Marlene Espa\u00f1a.<br>Por su parte, la directora regional (s) Sercotec, Natasha Alarc\u00f3n, enfatiz\u00f3 que \u201cPara este a\u00f1o<br>contamos con un presupuesto aproximado de $81 millones, para 22 beneficiarios o<\/p>\n\n\n\n<p>beneficiarias en la regi\u00f3n. Este instrumento otorga un aporte no reembolsable de $2.750.000.<br>este monto, $350 mil pueden ser destinados a asistencia t\u00e9cnica, capacitaciones y marketing<br>para promover el negocio en la era digital. Y $2.400.000 van dirigidos a inversiones, como<br>compra de m\u00e1quinas, equipos y herramientas digitales para fortalecer la gesti\u00f3n interna y los<br>procesos de venta en el almac\u00e9n\u201d, indic\u00f3 la directora regional (s) de Sercotec.<br>Cabe se\u00f1alar que cada almacenero seleccionado deber\u00e1 entregar un aporte equivalente al 10%<br>o 15% del monto del subsidio otorgado.<br>Una medici\u00f3n del impacto del programa detect\u00f3 que el 54% de los almacenes apoyados por<br>Sercotec en 2021 aumentaron sus ventas al a\u00f1o siguiente, alcanzando este aumento a $10.029<br>millones. Del mismo modo, el 66% de los almacenes beneficiarios el a\u00f1o 2022 aumentaron su<br>margen de contribuci\u00f3n en el 2023.<br>Desde el 2016 a la fecha, m\u00e1s de 4.800 almacenes han accedido a este beneficio. Entre los<br>apoyados durante el a\u00f1o pasado, el 65% fueron liderados por mujeres y el 85% presentaban un<br>nivel de digitalizaci\u00f3n \u201cinicial\u201d o \u201cnovato\u201d, seg\u00fan la medici\u00f3n de Chequeo Digital.<\/p>\n\n\n\n<p><\/p>\n","protected":false},"excerpt":{"rendered":"<p>La seremi de Econom\u00eda, Fomento y Turismo junto al Servicio deCooperaci\u00f3n T\u00e9cnica anunciaron la apertura de las postulaciones al programa Digitaliza tuAlmac\u00e9n, que apoya el fortalecimiento de los peque\u00f1os negocios&#8230; <a class=\"read-more\" href=\"https:\/\/www.radiopresidenteibanez.cl\/web\/abren-postulacion-a-fondo-que-apoya-la-digitalizacion-de-almacenes-de-barrio\/\">Leer m\u00e1s<\/a><\/p>\n","protected":false},"author":2,"featured_media":46043,"comment_status":"closed","ping_status":"closed","sticky":false,"template":"","format":"standard","meta":{"footnotes":""},"categories":[1],"tags":[],"class_list":["post-46042","post","type-post","status-publish","format-standard","has-post-thumbnail","hentry","category-cronica"],"_links":{"self":[{"href":"https:\/\/www.radiopresidenteibanez.cl\/web\/wp-json\/wp\/v2\/posts\/46042","targetHints":{"allow":["GET"]}}],"collection":[{"href":"https:\/\/www.radiopresidenteibanez.cl\/web\/wp-json\/wp\/v2\/posts"}],"about":[{"href":"https:\/\/www.radiopresidenteibanez.cl\/web\/wp-json\/wp\/v2\/types\/post"}],"author":[{"embeddable":true,"href":"https:\/\/www.radiopresidenteibanez.cl\/web\/wp-json\/wp\/v2\/users\/2"}],"replies":[{"embeddable":true,"href":"https:\/\/www.radiopresidenteibanez.cl\/web\/wp-json\/wp\/v2\/comments?post=46042"}],"version-history":[{"count":0,"href":"https:\/\/www.radiopresidenteibanez.cl\/web\/wp-json\/wp\/v2\/posts\/46042\/revisions"}],"wp:featuredmedia":[{"embeddable":true,"href":"https:\/\/www.radiopresidenteibanez.cl\/web\/wp-json\/wp\/v2\/media\/46043"}],"wp:attachment":[{"href":"https:\/\/www.radiopresidenteibanez.cl\/web\/wp-json\/wp\/v2\/media?parent=46042"}],"wp:term":[{"taxonomy":"category","embeddable":true,"href":"https:\/\/www.radiopresidenteibanez.cl\/web\/wp-json\/wp\/v2\/categories?post=46042"},{"taxonomy":"post_tag","embeddable":true,"href":"https:\/\/www.radiopresidenteibanez.cl\/web\/wp-json\/wp\/v2\/tags?post=46042"}],"curies":[{"name":"wp","href":"https:\/\/api.w.org\/{rel}","templated":true}]}}