{"id":4603,"date":"2019-05-27T16:46:06","date_gmt":"2019-05-27T16:46:06","guid":{"rendered":"http:\/\/www.radiopresidenteibanez.cl\/web\/?p=4603"},"modified":"2019-05-27T16:46:25","modified_gmt":"2019-05-27T16:46:25","slug":"mas-de-20-mil-visitas-registro-dia-del-patrimonio-cultural-en-magallanes","status":"publish","type":"post","link":"https:\/\/www.radiopresidenteibanez.cl\/web\/mas-de-20-mil-visitas-registro-dia-del-patrimonio-cultural-en-magallanes\/","title":{"rendered":"M\u00c1S DE 20 MIL VISITAS REGISTR\u00d3  D\u00cdA DEL PATRIMONIO CULTURAL EN MAGALLANES"},"content":{"rendered":"\n<p>Ni\u00f1as, ni\u00f1os,\nj\u00f3venes y adultos, en la mayor\u00eda de los casos en familia, disfrutaron el\nreciente fin de semana de dos jornadas de celebraci\u00f3n del D\u00eda del Patrimonio,\nimpulsada por el Ministerio de las Culturas, las Artes y el Patrimonio, junto a\nm\u00e1s de medio centenar de instituciones y bajo el lema \u201cJuntos Hacemos\nPatrimonio\u201d.<\/p>\n\n\n\n<p>La apertura\nde edificios emblem\u00e1ticos, manifestaciones art\u00edsticas, recorridos guiados,\ncharlas referidas al rescate y puesta en valor del patrimonio cultural\ninmaterial, movilizaron en la regi\u00f3n de Magallanes, seg\u00fan datos preliminares, a\nm\u00e1s de 20 mil personas.&nbsp;<\/p>\n\n\n\n<p>\u00abEstamos muy contentos, porque fue una verdadera fiesta\nciudadana. Esta celebraci\u00f3n en dos d\u00edas, como lo propuso hace un a\u00f1o nuestro Presidente\nSebasti\u00e1n Pi\u00f1era, ha tenido una gran aceptaci\u00f3n en la comunidad, que manifiesta\ninter\u00e9s por conocer m\u00e1s de los bienes culturales del pa\u00eds. Quiero agradecer a\nlas instituciones, tanto p\u00fablicas como privadas, y a las organizaciones\ncomunitarias que se sumaron para preparar un amplio y variado programa. El\nbalance es muy positivo, porque m\u00e1s de veinte mil personas disfrutaron en\nfamilia y conocieron \u00edconos de&nbsp;nuestra identidad cultural e\nhist\u00f3rica\u00bb,&nbsp;indic\u00f3 la Seremi de las Culturas, las Artes y el\nPatrimonio, Katherine Ibacache.<\/p>\n\n\n\n<p>Entre\nel s\u00e1bado y domingo m\u00e1s de ochenta actividades se desarrollaron en la regi\u00f3n de\nMagallanes. La cobertura territorial alcanz\u00f3 el sesenta por ciento de las\ncomunas. Natales, Torres del Payne, Primavera, Porvenir, Cabo de Hornos y Punta\nArenas, se unieron oficialmente con diferentes propuestas a la\ncelebraci\u00f3n.&nbsp; <\/p>\n\n\n\n<p>El D\u00eda del Patrimonio Cultural se instaur\u00f3 por decreto el a\u00f1o 1999 y se estableci\u00f3 el \u00faltimo domingo de mayo como d\u00eda para su celebraci\u00f3n. Con el correr de los a\u00f1os se ha posicionado como la celebraci\u00f3n cultural m\u00e1s grande del pa\u00eds.\u00a0<\/p>\n\n\n\n<figure class=\"wp-block-image\"><img loading=\"lazy\" decoding=\"async\" width=\"1000\" height=\"667\" src=\"https:\/\/www.radiopresidenteibanez.cl\/web\/wp-content\/uploads\/2019\/05\/MUJSEO-REGIONAL.jpg\" alt=\"\" class=\"wp-image-4604\" srcset=\"https:\/\/www.radiopresidenteibanez.cl\/web\/wp-content\/uploads\/2019\/05\/MUJSEO-REGIONAL.jpg 1000w, https:\/\/www.radiopresidenteibanez.cl\/web\/wp-content\/uploads\/2019\/05\/MUJSEO-REGIONAL-300x200.jpg 300w, https:\/\/www.radiopresidenteibanez.cl\/web\/wp-content\/uploads\/2019\/05\/MUJSEO-REGIONAL-768x512.jpg 768w\" sizes=\"auto, (max-width: 1000px) 100vw, 1000px\" \/><\/figure>\n","protected":false},"excerpt":{"rendered":"<p>Ni\u00f1as, ni\u00f1os, j\u00f3venes y adultos, en la mayor\u00eda de los casos en familia, disfrutaron el reciente fin de semana de dos jornadas de celebraci\u00f3n del D\u00eda del Patrimonio, impulsada por&#8230; <a class=\"read-more\" href=\"https:\/\/www.radiopresidenteibanez.cl\/web\/mas-de-20-mil-visitas-registro-dia-del-patrimonio-cultural-en-magallanes\/\">Leer m\u00e1s<\/a><\/p>\n","protected":false},"author":2,"featured_media":4604,"comment_status":"closed","ping_status":"closed","sticky":false,"template":"","format":"standard","meta":{"footnotes":""},"categories":[1],"tags":[],"class_list":["post-4603","post","type-post","status-publish","format-standard","has-post-thumbnail","hentry","category-cronica"],"_links":{"self":[{"href":"https:\/\/www.radiopresidenteibanez.cl\/web\/wp-json\/wp\/v2\/posts\/4603","targetHints":{"allow":["GET"]}}],"collection":[{"href":"https:\/\/www.radiopresidenteibanez.cl\/web\/wp-json\/wp\/v2\/posts"}],"about":[{"href":"https:\/\/www.radiopresidenteibanez.cl\/web\/wp-json\/wp\/v2\/types\/post"}],"author":[{"embeddable":true,"href":"https:\/\/www.radiopresidenteibanez.cl\/web\/wp-json\/wp\/v2\/users\/2"}],"replies":[{"embeddable":true,"href":"https:\/\/www.radiopresidenteibanez.cl\/web\/wp-json\/wp\/v2\/comments?post=4603"}],"version-history":[{"count":0,"href":"https:\/\/www.radiopresidenteibanez.cl\/web\/wp-json\/wp\/v2\/posts\/4603\/revisions"}],"wp:featuredmedia":[{"embeddable":true,"href":"https:\/\/www.radiopresidenteibanez.cl\/web\/wp-json\/wp\/v2\/media\/4604"}],"wp:attachment":[{"href":"https:\/\/www.radiopresidenteibanez.cl\/web\/wp-json\/wp\/v2\/media?parent=4603"}],"wp:term":[{"taxonomy":"category","embeddable":true,"href":"https:\/\/www.radiopresidenteibanez.cl\/web\/wp-json\/wp\/v2\/categories?post=4603"},{"taxonomy":"post_tag","embeddable":true,"href":"https:\/\/www.radiopresidenteibanez.cl\/web\/wp-json\/wp\/v2\/tags?post=4603"}],"curies":[{"name":"wp","href":"https:\/\/api.w.org\/{rel}","templated":true}]}}