{"id":46022,"date":"2024-01-29T11:06:35","date_gmt":"2024-01-29T14:06:35","guid":{"rendered":"https:\/\/www.radiopresidenteibanez.cl\/web\/?p=46022"},"modified":"2024-01-30T08:24:17","modified_gmt":"2024-01-30T11:24:17","slug":"despues-de-15-anos-continua-la-busqueda-de-sofia-herrera-desaparecida-el-2008-en-tierra-del-fuego","status":"publish","type":"post","link":"https:\/\/www.radiopresidenteibanez.cl\/web\/despues-de-15-anos-continua-la-busqueda-de-sofia-herrera-desaparecida-el-2008-en-tierra-del-fuego\/","title":{"rendered":"DESPU\u00c9S DE 15 A\u00d1OS CONTIN\u00daA LA B\u00daSQUEDA DE SOF\u00cdA HERRERA, DESAPARECIDA EL 2008 EN TIERRA DEL FUEGO."},"content":{"rendered":"\n<p>El pasado s\u00e1bado 30 de diciembre Sof\u00eda Herrera cumpli\u00f3 o habr\u00eda cumplido 19 a\u00f1os de edad y su madre, Mar\u00eda Elena Delgado la record\u00f3 con profundo dolor a trav\u00e9s de las redes sociales en esta fecha tan especial. Mar\u00eda Elena Delgado, madre de Sof\u00eda Herrera, la ni\u00f1a desaparecida hace 15 a\u00f1os en la ciudad de R\u00edo Grande, mostr\u00f3 palabras de tristeza y dolor al recordar un nuevo cumplea\u00f1os de su hija.\u00a0Tal como lo viene realizando desde el primer d\u00eda, de aquel tr\u00e1gico 28 de septiembre de 2008 que cambi\u00f3 la vida no solo de la familia, sino de toda la sociedad fueguina, Mar\u00eda Elena junto a su esposo Fabi\u00e1n, recuerdan a su hija, buscando que gracias a la tecnolog\u00eda de las redes sociales, finalmente Sof\u00eda pueda darse cuenta de sus verdaderos padres y ponerse en contacto con ellos.<\/p>\n\n\n\n<p><strong><em>\u201cFeliz cumple hijita querida !! Que tristeza tan grande no poder compartir tu cumple. Solo me queda recordar lo momentos&nbsp; vivido juntas con tus 3 a\u00f1itos y algo eras tan inteligente&nbsp; vivas&nbsp; ocurrente. Te amo hija m\u00eda<\/em><\/strong>\u00bb <strong><em>#TeBuscamosSOFi\u201d<\/em><\/strong> fue el posteo que escribi\u00f3 su madre, acompa\u00f1ado de fotos y videos, con un recuerdo de aquellos momentos que logr\u00f3 compartir, cuando era solo una peque\u00f1a de tan solo 3 a\u00f1os de edad, momento en que desapareci\u00f3 del interior del camping John Goodall (hoy Camping Norte) ubicado a unos 55 kil\u00f3metros al sur de la ciudad de R\u00edo Grande, acompa\u00f1ados por una pareja de amigos que se encontraba con sus dos hijos. A lo largo de tantos a\u00f1os de investigaci\u00f3n, la b\u00fasqueda a\u00fan no arroj\u00f3 indicios sobre el paradero de la menor, solo llamados que r\u00e1pidamente fueron descartados y un pedido de captura de un sospechoso, sobre quien aseguran podr\u00eda guardar alg\u00fan tipo de vinculaci\u00f3n con el hecho.<\/p>\n\n\n\n<figure class=\"wp-block-image size-full\"><img loading=\"lazy\" decoding=\"async\" width=\"950\" height=\"512\" src=\"https:\/\/www.radiopresidenteibanez.cl\/web\/wp-content\/uploads\/2024\/01\/image-8.png\" alt=\"\" class=\"wp-image-46045\" srcset=\"https:\/\/www.radiopresidenteibanez.cl\/web\/wp-content\/uploads\/2024\/01\/image-8.png 950w, https:\/\/www.radiopresidenteibanez.cl\/web\/wp-content\/uploads\/2024\/01\/image-8-300x162.png 300w, https:\/\/www.radiopresidenteibanez.cl\/web\/wp-content\/uploads\/2024\/01\/image-8-768x414.png 768w\" sizes=\"auto, (max-width: 950px) 100vw, 950px\" \/><\/figure>\n\n\n\n<p>En todos estos a\u00f1os se han barajado varias hip\u00f3tesis y se han seguido las pocas pistas que existen sobre el caso ocurrido en la Tierra del Fuego argentina.  <\/p>\n\n\n\n<p><strong>Sof\u00eda Herrera<\/strong>, desapareci\u00f3 en Tierra del Fuego en el a\u00f1o 2008 cuando ten\u00eda apenas 3 a\u00f1itos. A 15 a\u00f1os desde la \u00faltima vez que la vieron, su madre encabezar\u00e1 una marcha en la ciudad de<strong>&nbsp;R\u00edo Grande<\/strong>. Actualmente, sus familiares contin\u00faan esperando la detenci\u00f3n del m\u00e1ximo sospechoso de la causa y exigen justicia por su hija.<\/p>\n\n\n\n<p>El 28 de septiembre del a\u00f1o 2008, la familia Herrera fue a pasar el d\u00eda en un camping llamado John Goodall ubicado a 59 kil\u00f3metros al sur de&nbsp;<strong>R\u00edo Grande<\/strong>. Mar\u00eda Elena y Fabi\u00e1n Herrera, junto a una pareja amiga, llegaron al parque situado en el kil\u00f3metro 2.893 de la Ruta Nacional 3 y estacionaron los dos autos cerca del camino. En aquel paraje des\u00e9rtico de 15, cercado por un alambre, hect\u00e1reas Sof\u00eda se separ\u00f3 por unos segundos de sus padres y&nbsp;<strong>nunca m\u00e1s supieron de ella.<\/strong><\/p>\n\n\n\n<p>Un equipo de expertos realiz\u00f3 todos los a\u00f1os las actualizaciones en su rostro para seguir la evoluci\u00f3n de crecimiento de la peque\u00f1a y poder seguir busc\u00e1ndola.<\/p>\n\n\n\n<p>El expediente de su desaparici\u00f3n est\u00e1 conformado por 13.000 fojas en las que hay m\u00e1s de 100 declaraciones y testimonios que durante estos diez a\u00f1os sumaron datos, algunos veros\u00edmiles y otros falsos, pero ninguno en concreto que sirva para entender lo que pas\u00f3. Tras una d\u00e9cada no hay ning\u00fan detenido y la investigaci\u00f3n est\u00e1 en el mismo punto desde donde se inici\u00f3, indica la prensa argentina. En esta investigaci\u00f3n se han realizado incluso peritajes y pruebas de ADN en j\u00f3venes de la misma edad y que coinciden con el f\u00edsico y los rasgos que tendr\u00eda Sof\u00eda en la actualidad.<\/p>\n\n\n\n<figure class=\"wp-block-image size-full\"><img loading=\"lazy\" decoding=\"async\" width=\"767\" height=\"430\" src=\"https:\/\/www.radiopresidenteibanez.cl\/web\/wp-content\/uploads\/2024\/01\/Sofia-Herrera.webp\" alt=\"\" class=\"wp-image-46047\" srcset=\"https:\/\/www.radiopresidenteibanez.cl\/web\/wp-content\/uploads\/2024\/01\/Sofia-Herrera.webp 767w, https:\/\/www.radiopresidenteibanez.cl\/web\/wp-content\/uploads\/2024\/01\/Sofia-Herrera-300x168.webp 300w\" sizes=\"auto, (max-width: 767px) 100vw, 767px\" \/><\/figure>\n\n\n\n<p><strong><em>SOSPECHOSO CHILENO<\/em>.<\/strong><\/p>\n\n\n\n<p>La causa de&nbsp;<strong>Sof\u00eda Herrera&nbsp;<\/strong>est\u00e1 a cargo de Daniel Cesari Hern\u00e1ndez, juez de instrucci\u00f3n 2 de R\u00edo Grande a quien la familia exige la detenci\u00f3n de Jos\u00e9 Dagoberto D\u00edaz Aguilar, apodado&nbsp;<strong>\u00abEspanta la Virgen\u00bb<\/strong>. Este hombre de nacionalidad chilena, es el principal sospechoso de su desaparici\u00f3n y se cree que deambula por diversas zonas rurales de Argentina y Chile.  La justicia imput\u00f3 a D\u00edaz Aguilar por la descripci\u00f3n que brind\u00f3 uno de los ni\u00f1os que vio a Sof\u00eda en el camping por \u00faltima vez y el testimonio de un suboficial de la polic\u00eda provincial.&nbsp;<em>\u00ab<strong>Hace un a\u00f1o esperamos que la justicia encuentre a este hombre<\/strong>. Hasta el d\u00eda de hoy no lo pueden localizar en ning\u00fan lado. Nos dicen que no hay ning\u00fan dato sobre su paradero\u00bb,<\/em>&nbsp;se dijo el a\u00f1o 2021.  En cuanto al principal sospechoso que tiene la causa,&nbsp;<strong>Dagoberto D\u00edaz<\/strong>, conocido como Espanta la virgen, la mam\u00e1 de Sof\u00eda Herrera aclara que a este n\u00f3made chileno se lo sigue buscando, pero que desde el momento en que Interpol lanz\u00f3 la alerta, nadie lo vio.<\/p>\n\n\n\n<figure class=\"wp-block-image size-large\"><img loading=\"lazy\" decoding=\"async\" width=\"1024\" height=\"573\" src=\"https:\/\/www.radiopresidenteibanez.cl\/web\/wp-content\/uploads\/2024\/01\/image-9-1024x573.png\" alt=\"\" class=\"wp-image-46046\" srcset=\"https:\/\/www.radiopresidenteibanez.cl\/web\/wp-content\/uploads\/2024\/01\/image-9-1024x573.png 1024w, https:\/\/www.radiopresidenteibanez.cl\/web\/wp-content\/uploads\/2024\/01\/image-9-300x168.png 300w, https:\/\/www.radiopresidenteibanez.cl\/web\/wp-content\/uploads\/2024\/01\/image-9-768x430.png 768w, https:\/\/www.radiopresidenteibanez.cl\/web\/wp-content\/uploads\/2024\/01\/image-9.png 1440w\" sizes=\"auto, (max-width: 1024px) 100vw, 1024px\" \/><\/figure>\n","protected":false},"excerpt":{"rendered":"<p>El pasado s\u00e1bado 30 de diciembre Sof\u00eda Herrera cumpli\u00f3 o habr\u00eda cumplido 19 a\u00f1os de edad y su madre, Mar\u00eda Elena Delgado la record\u00f3 con profundo dolor a trav\u00e9s de&#8230; <a class=\"read-more\" href=\"https:\/\/www.radiopresidenteibanez.cl\/web\/despues-de-15-anos-continua-la-busqueda-de-sofia-herrera-desaparecida-el-2008-en-tierra-del-fuego\/\">Leer m\u00e1s<\/a><\/p>\n","protected":false},"author":2,"featured_media":46048,"comment_status":"closed","ping_status":"closed","sticky":false,"template":"","format":"standard","meta":{"footnotes":""},"categories":[1,6],"tags":[14,142,141],"class_list":["post-46022","post","type-post","status-publish","format-standard","has-post-thumbnail","hentry","category-cronica","category-policial","tag-argentina","tag-desparecida","tag-sofia-herrera"],"_links":{"self":[{"href":"https:\/\/www.radiopresidenteibanez.cl\/web\/wp-json\/wp\/v2\/posts\/46022","targetHints":{"allow":["GET"]}}],"collection":[{"href":"https:\/\/www.radiopresidenteibanez.cl\/web\/wp-json\/wp\/v2\/posts"}],"about":[{"href":"https:\/\/www.radiopresidenteibanez.cl\/web\/wp-json\/wp\/v2\/types\/post"}],"author":[{"embeddable":true,"href":"https:\/\/www.radiopresidenteibanez.cl\/web\/wp-json\/wp\/v2\/users\/2"}],"replies":[{"embeddable":true,"href":"https:\/\/www.radiopresidenteibanez.cl\/web\/wp-json\/wp\/v2\/comments?post=46022"}],"version-history":[{"count":0,"href":"https:\/\/www.radiopresidenteibanez.cl\/web\/wp-json\/wp\/v2\/posts\/46022\/revisions"}],"wp:featuredmedia":[{"embeddable":true,"href":"https:\/\/www.radiopresidenteibanez.cl\/web\/wp-json\/wp\/v2\/media\/46048"}],"wp:attachment":[{"href":"https:\/\/www.radiopresidenteibanez.cl\/web\/wp-json\/wp\/v2\/media?parent=46022"}],"wp:term":[{"taxonomy":"category","embeddable":true,"href":"https:\/\/www.radiopresidenteibanez.cl\/web\/wp-json\/wp\/v2\/categories?post=46022"},{"taxonomy":"post_tag","embeddable":true,"href":"https:\/\/www.radiopresidenteibanez.cl\/web\/wp-json\/wp\/v2\/tags?post=46022"}],"curies":[{"name":"wp","href":"https:\/\/api.w.org\/{rel}","templated":true}]}}