{"id":46019,"date":"2024-01-28T17:32:00","date_gmt":"2024-01-28T20:32:00","guid":{"rendered":"https:\/\/www.radiopresidenteibanez.cl\/web\/?p=46019"},"modified":"2024-01-28T11:35:27","modified_gmt":"2024-01-28T14:35:27","slug":"conaf-sigue-en-falta-asociaciones-de-turismo-de-magallanes-piden-intervencion-gubernamental-ante-problemas-persistentes-con-pasesparques-cl","status":"publish","type":"post","link":"https:\/\/www.radiopresidenteibanez.cl\/web\/conaf-sigue-en-falta-asociaciones-de-turismo-de-magallanes-piden-intervencion-gubernamental-ante-problemas-persistentes-con-pasesparques-cl\/","title":{"rendered":"CONAF sigue en falta: Asociaciones de Turismo de Magallanes piden Intervenci\u00f3n gubernamental ante problemas persistentes con pasesparques.cl"},"content":{"rendered":"\n<p>Las asociaciones de turismo de la regi\u00f3n de Magallanes expresan su<br>profunda preocupaci\u00f3n y frustraci\u00f3n debido a los continuos problemas que enfrentan al intentar<br>acceder a la plataforma de compra de tickets PasesParques.cl, implementada por CONAF desde el<br>1 de enero de 2024.<br>Los operadores tur\u00edsticos siguen experimentando graves dificultades para adquirir entradas para<br>sus pasajeros, lo que afecta directamente a la experiencia de los visitantes y pone en riesgo la<br>actividad tur\u00edstica en la regi\u00f3n.<br>La gerente de la asociaci\u00f3n de Hoteles y Servicios Tur\u00edsticos de Torres del Paine, HYST, Sara<br>Adema, expres\u00f3 su preocupaci\u00f3n ante la falta de respuestas y fechas concretas tras un reciente<br>levantamiento de situaciones a mejorar. \u201cHace dos semanas tuvimos una reuni\u00f3n con el Director<br>Nacional de CONAF, Christian Little. Durante la entrega de estas inquietudes, se comprometi\u00f3 con<br>cambios r\u00e1pidos, y hasta el momento no se ha obtenido respuesta. En reuniones con el Director<br>Regional de CONAF, Arturo Rojas, se reconocieron improvisaciones, pero se destac\u00f3 que las<br>decisiones provienen del nivel central, generando incertidumbre sobre a qui\u00e9n dirigirse en busca<br>de respuestas, mientras los operadores y la imagen de la regi\u00f3n se ven afectados por esta<br>situaci\u00f3n\u201d.<br>\u201cYa nos encontramos en el d\u00eda 25 desde que se implement\u00f3 el nuevo sistema de emisi\u00f3n de<br>tickets de CONAF. Hasta el d\u00eda de hoy no tenemos novedades, y realmente, se ha seguido<br>improvisando todos los d\u00edas con cada falla o cada problema que hay. Lamentablemente, nos<br>hemos dado cuenta, adem\u00e1s, de que CONAF est\u00e1 creando una plataforma donde el proveedor<br>tiene que adecuarse a lo que CONAF quiere, y no CONAF est\u00e1 haciendo una plataforma que se<br>adecue a los requerimientos del operador. Veo ya a estas alturas, de que lamentablemente vamos<br>a terminar esta temporada improvisando, con n\u00fameros que no van a ser correctos, con<br>estad\u00edsticas err\u00f3nea y realmente vamos a continuar con problemas, si es que no se toman cartas<br>en el asunto lo antes posible\u201d, coment\u00f3 Silvia Mu\u00f1oz, gerente de la Asociaci\u00f3n Magall\u00e1nica de<br>Empresas de Turismo, Austro Chile.<br>Asimismo, presidente de la Asociaci\u00f3n de Hostels y Afines de Puerto Natales, Andr\u00e9s Gader Vargas<br>resalt\u00f3 que \u201cEl principal problema de CONAF, es que la instituci\u00f3n no est\u00e1 preparada para trabajar<br>con turismo y adem\u00e1s no est\u00e1n interesados en comprender la complejidad de esta actividad y<br>c\u00f3mo funciona. El turismo aporta valor agregado a las \u00e1reas protegidas, vinculando la comunidad<br>y generando entrada de divisas que permiten mejorar la operatividad de estas. Adem\u00e1s de la<br>sinergia que efect\u00faa entre los diferentes actores econ\u00f3micos que permiten el desarrollo de las<br>comunidades cercanas a las \u00e1reas protegidas\u201d.<br>Los gremios del turismo destacan que lamentablemente, CONAF no ha cumplido con el<br>compromiso asumido de mejorar la plataforma, lo que ha exacerbado la situaci\u00f3n. Ante este<\/p>\n\n\n\n<p>escenario, las asociaciones de turismo de Magallanes hacen un llamado urgente a los ministerios<br>competentes y al presidente de la Rep\u00fablica, Gabriel Boric, para que intervengan y aborden de<br>manera efectiva estos problemas.<br>\u201cUna vez m\u00e1s nuestro destino tur\u00edstico se encuentra en riesgo por decisiones basadas en el<br>centralismo. Es por lo mismo que necesitamos elevar este tema a nivel de ministros, o del mismo<br>presidente, ya que esta problem\u00e1tica es nacional, y lo que est\u00e1 ocurriendo afecta la imagen del<br>turismo de todo Chile\u201d, Adriana Aguila, gerente de la C\u00e1mara de Turismo de \u00daltima Esperanza.<br>Las asociaciones de turismo de Magallanes est\u00e1n dispuestas a colaborar estrechamente con las<br>autoridades pertinentes y esperan que CONAF tenga la voluntad de entregar soluciones concretas<br>a corto plazo, que permitan subsanar estos obst\u00e1culos y fortalecer la industria tur\u00edstica en la<br>regi\u00f3n, que a\u00fan no llega a las cifras que ten\u00edan previos a la pandemia.<\/p>\n","protected":false},"excerpt":{"rendered":"<p>Las asociaciones de turismo de la regi\u00f3n de Magallanes expresan suprofunda preocupaci\u00f3n y frustraci\u00f3n debido a los continuos problemas que enfrentan al intentaracceder a la plataforma de compra de tickets&#8230; <a class=\"read-more\" href=\"https:\/\/www.radiopresidenteibanez.cl\/web\/conaf-sigue-en-falta-asociaciones-de-turismo-de-magallanes-piden-intervencion-gubernamental-ante-problemas-persistentes-con-pasesparques-cl\/\">Leer m\u00e1s<\/a><\/p>\n","protected":false},"author":2,"featured_media":46020,"comment_status":"closed","ping_status":"closed","sticky":false,"template":"","format":"standard","meta":{"footnotes":""},"categories":[1],"tags":[],"class_list":["post-46019","post","type-post","status-publish","format-standard","has-post-thumbnail","hentry","category-cronica"],"_links":{"self":[{"href":"https:\/\/www.radiopresidenteibanez.cl\/web\/wp-json\/wp\/v2\/posts\/46019","targetHints":{"allow":["GET"]}}],"collection":[{"href":"https:\/\/www.radiopresidenteibanez.cl\/web\/wp-json\/wp\/v2\/posts"}],"about":[{"href":"https:\/\/www.radiopresidenteibanez.cl\/web\/wp-json\/wp\/v2\/types\/post"}],"author":[{"embeddable":true,"href":"https:\/\/www.radiopresidenteibanez.cl\/web\/wp-json\/wp\/v2\/users\/2"}],"replies":[{"embeddable":true,"href":"https:\/\/www.radiopresidenteibanez.cl\/web\/wp-json\/wp\/v2\/comments?post=46019"}],"version-history":[{"count":0,"href":"https:\/\/www.radiopresidenteibanez.cl\/web\/wp-json\/wp\/v2\/posts\/46019\/revisions"}],"wp:featuredmedia":[{"embeddable":true,"href":"https:\/\/www.radiopresidenteibanez.cl\/web\/wp-json\/wp\/v2\/media\/46020"}],"wp:attachment":[{"href":"https:\/\/www.radiopresidenteibanez.cl\/web\/wp-json\/wp\/v2\/media?parent=46019"}],"wp:term":[{"taxonomy":"category","embeddable":true,"href":"https:\/\/www.radiopresidenteibanez.cl\/web\/wp-json\/wp\/v2\/categories?post=46019"},{"taxonomy":"post_tag","embeddable":true,"href":"https:\/\/www.radiopresidenteibanez.cl\/web\/wp-json\/wp\/v2\/tags?post=46019"}],"curies":[{"name":"wp","href":"https:\/\/api.w.org\/{rel}","templated":true}]}}