{"id":4600,"date":"2019-05-27T16:41:39","date_gmt":"2019-05-27T16:41:39","guid":{"rendered":"http:\/\/www.radiopresidenteibanez.cl\/web\/?p=4600"},"modified":"2019-05-27T16:42:21","modified_gmt":"2019-05-27T16:42:21","slug":"extienden-plazo-de-postulacion-a-premio-de-inclusion-laboral","status":"publish","type":"post","link":"https:\/\/www.radiopresidenteibanez.cl\/web\/extienden-plazo-de-postulacion-a-premio-de-inclusion-laboral\/","title":{"rendered":"EXTIENDEN PLAZO DE POSTULACI\u00d3N A PREMIO DE INCLUSI\u00d3N LABORAL"},"content":{"rendered":"\n<p>Hasta el 31 de mayo se\nextendi\u00f3 el plazo de postulaci\u00f3n al Premio de Inclusi\u00f3n Laboral, instancia que\nbusca destacar a empresas nacionales y regionales que dan cumplimiento a la Ley\n21.015 bajo un esp\u00edritu que va m\u00e1s all\u00e1 de la normativa legal.<\/p>\n\n\n\n<p>As\u00ed lo inform\u00f3 la\nSeremi del Trabajo, Victoria Cort\u00e9s Schiattino, quien hizo un nuevo y \u00faltimo\nllamado a las empresas regionales a inscribirse en este concurso, destacando\nque la subsecretar\u00eda del Trabajo, como parte de la gesti\u00f3n del gobierno del\nPresidente Sebasti\u00e1n Pi\u00f1era para incentivar la inclusi\u00f3n laboral, entregar\u00e1 un\npremio por regi\u00f3n, buscando con esto que las firmas de regiones tambi\u00e9n se\nsumen a este concurso.<\/p>\n\n\n\n<p>\u201cEstamos dando una\nposibilidad para que las empresas regionales se inscriban a trav\u00e9s de la p\u00e1gina\nde la subsecretar\u00eda del Trabajo y postulen a este premio que entregamos a\nquienes est\u00e9n cumpliendo con la ley de Inclusi\u00f3n Laboral y tengan un compromiso\ncon la inclusividad m\u00e1s all\u00e1 de la normativa, es decir, que sean empresas\nresponsables, que otorguen puestos de trabajo de calidad y en un clima de\ntrabajo favorable, tal como lo ha dicho nuestro Presidente Sebasti\u00e1n Pi\u00f1era en\nesta materia\u201d, explic\u00f3 la Seremi.<\/p>\n\n\n\n<p>En Magallanes \u201cson 35\nlas empresas que deben cumplir con la Ley 21.015, por lo que hacemos el llamado\na todas ellas a sumarse a esta iniciativa que para que en Magallanes tengamos\ntambi\u00e9n un reconocimiento a nuestros empleadores que d\u00eda a d\u00eda hacen un\nesfuerzo en materia de inclusi\u00f3n. Como ya lo hemos dicho en otras ocasiones,\ntenemos muy buenos ejemplos de empresas inclusivas en Magallanes, por lo que invitamos\na esas empresas a inscribirse y no quedarse fuera\u201d, a\u00f1adi\u00f3 la autoridad.<\/p>\n\n\n\n<p>De acuerdo a las\n\u00faltimas estad\u00edsticas en este \u00e1mbito, informadas por la Direcci\u00f3n del Trabajo,\nen Magallanes se han registrado 99 contratos v\u00eda ley de inclusi\u00f3n. No obstante,\nse espera continuar aumentando este n\u00famero en la medida que m\u00e1s empresas se\nvayan incorporando a esta pol\u00edtica de apertura laboral a personas con\ndiscapacidad.<\/p>\n\n\n\n<p>La postulaci\u00f3n a este Premio para \u201cempresas inclusivas\u201d contin\u00faa abierto a trav\u00e9s del sitio web de la subsecretar\u00eda del Trabajo, <a href=\"http:\/\/www.subtrab.trabajo.gob.cl\">www.subtrab.trabajo.gob.cl<\/a>, en el banner Premio Ley de Inclusi\u00f3n, donde deben completar el formulario de postulaci\u00f3n, adjuntando los documentos ah\u00ed se\u00f1alados, los cuales deben ser enviados posteriormente al correo electr\u00f3nico <a href=\"mailto:premioinclusion@mintrab.gob.cl\">premioinclusion@mintrab.gob.cl<\/a>.\u00a0 <\/p>\n\n\n\n<figure class=\"wp-block-image\"><img loading=\"lazy\" decoding=\"async\" width=\"1024\" height=\"682\" src=\"https:\/\/www.radiopresidenteibanez.cl\/web\/wp-content\/uploads\/2019\/05\/IMG_8996_1-1-1024x682.jpg\" alt=\"\" class=\"wp-image-4601\" srcset=\"https:\/\/www.radiopresidenteibanez.cl\/web\/wp-content\/uploads\/2019\/05\/IMG_8996_1-1-1024x682.jpg 1024w, https:\/\/www.radiopresidenteibanez.cl\/web\/wp-content\/uploads\/2019\/05\/IMG_8996_1-1-300x200.jpg 300w, https:\/\/www.radiopresidenteibanez.cl\/web\/wp-content\/uploads\/2019\/05\/IMG_8996_1-1-768x512.jpg 768w, https:\/\/www.radiopresidenteibanez.cl\/web\/wp-content\/uploads\/2019\/05\/IMG_8996_1-1.jpg 1300w\" sizes=\"auto, (max-width: 1024px) 100vw, 1024px\" \/><\/figure>\n","protected":false},"excerpt":{"rendered":"<p>Hasta el 31 de mayo se extendi\u00f3 el plazo de postulaci\u00f3n al Premio de Inclusi\u00f3n Laboral, instancia que busca destacar a empresas nacionales y regionales que dan cumplimiento a la&#8230; <a class=\"read-more\" href=\"https:\/\/www.radiopresidenteibanez.cl\/web\/extienden-plazo-de-postulacion-a-premio-de-inclusion-laboral\/\">Leer m\u00e1s<\/a><\/p>\n","protected":false},"author":2,"featured_media":4601,"comment_status":"closed","ping_status":"closed","sticky":false,"template":"","format":"standard","meta":{"footnotes":""},"categories":[1],"tags":[],"class_list":["post-4600","post","type-post","status-publish","format-standard","has-post-thumbnail","hentry","category-cronica"],"_links":{"self":[{"href":"https:\/\/www.radiopresidenteibanez.cl\/web\/wp-json\/wp\/v2\/posts\/4600","targetHints":{"allow":["GET"]}}],"collection":[{"href":"https:\/\/www.radiopresidenteibanez.cl\/web\/wp-json\/wp\/v2\/posts"}],"about":[{"href":"https:\/\/www.radiopresidenteibanez.cl\/web\/wp-json\/wp\/v2\/types\/post"}],"author":[{"embeddable":true,"href":"https:\/\/www.radiopresidenteibanez.cl\/web\/wp-json\/wp\/v2\/users\/2"}],"replies":[{"embeddable":true,"href":"https:\/\/www.radiopresidenteibanez.cl\/web\/wp-json\/wp\/v2\/comments?post=4600"}],"version-history":[{"count":0,"href":"https:\/\/www.radiopresidenteibanez.cl\/web\/wp-json\/wp\/v2\/posts\/4600\/revisions"}],"wp:featuredmedia":[{"embeddable":true,"href":"https:\/\/www.radiopresidenteibanez.cl\/web\/wp-json\/wp\/v2\/media\/4601"}],"wp:attachment":[{"href":"https:\/\/www.radiopresidenteibanez.cl\/web\/wp-json\/wp\/v2\/media?parent=4600"}],"wp:term":[{"taxonomy":"category","embeddable":true,"href":"https:\/\/www.radiopresidenteibanez.cl\/web\/wp-json\/wp\/v2\/categories?post=4600"},{"taxonomy":"post_tag","embeddable":true,"href":"https:\/\/www.radiopresidenteibanez.cl\/web\/wp-json\/wp\/v2\/tags?post=4600"}],"curies":[{"name":"wp","href":"https:\/\/api.w.org\/{rel}","templated":true}]}}