{"id":45992,"date":"2024-01-27T11:32:00","date_gmt":"2024-01-27T14:32:00","guid":{"rendered":"https:\/\/www.radiopresidenteibanez.cl\/web\/?p=45992"},"modified":"2024-01-27T10:35:59","modified_gmt":"2024-01-27T13:35:59","slug":"representantes-de-organizaciones-sociales-participaron-en-capacitacion-sobre-ley-20-609","status":"publish","type":"post","link":"https:\/\/www.radiopresidenteibanez.cl\/web\/representantes-de-organizaciones-sociales-participaron-en-capacitacion-sobre-ley-20-609\/","title":{"rendered":"REPRESENTANTES DE ORGANIZACIONES SOCIALES PARTICIPARON EN CAPACITACION SOBRE LEY 20.609"},"content":{"rendered":"\n<p>Entregar definiciones conceptuales en materia de discriminaci\u00f3n, destacando el valor del<br>respeto a la dignidad de todas las personas, fue el objetivo de la capacitaci\u00f3n sobre la Ley<br>20.609 que realiz\u00f3 el Observatorio de Participaci\u00f3n Ciudadana y No Discriminaci\u00f3n<br>(OPCND) del ministerio Secretaria General de Gobierno a organizaciones sociales de<br>Punta Arenas.<br>Esta capacitaci\u00f3n tuvo una duraci\u00f3n de dos horas para los representantes de las<br>organizaciones sociales, y b\u00e1sicamente consider\u00f3 el poder abordar: \u00bfqu\u00e9 es la<br>discriminaci\u00f3n?; \u00bfqu\u00e9 se entiende por igualdad y diversidad?; definici\u00f3n de discriminaci\u00f3n<br>arbitraria; y c\u00f3mo interponer una demanda, entre otros temas.<br>La Ley 20.609 instaura un mecanismo judicial que permite restablecer el imperio del<br>derecho cuando se cometa un acto de discriminaci\u00f3n arbitraria.\u00a0 Para la aplicaci\u00f3n de esta<br>ley, se entiende por discriminaci\u00f3n arbitraria toda distinci\u00f3n, exclusi\u00f3n o restricci\u00f3n que<br>carezca de justificaci\u00f3n razonable, efectuada por agentes del Estado o particulares, y que<br>cause privaci\u00f3n, perturbaci\u00f3n o amenaza en el ejercicio leg\u00edtimo de los derechos<br>fundamentales establecidos en la Constituci\u00f3n Pol\u00edtica de la Rep\u00fablica o en los tratados<br>internacionales sobre derechos humanos ratificados por Chile y que se encuentren<br>vigentes.<br>La directora nacional del OPCND, Carmen Luz Morales, explic\u00f3 que \u201ces importante que<br>las personas puedan recibir herramientas para saber reconocer la discriminaci\u00f3n, y<br>trabajar sobre estereotipos, prejuicios que est\u00e1n en la base de la discriminaci\u00f3n, porque<br>as\u00ed podemos avanzar hacia una sociedad m\u00e1s inclusiva y respetuosa. Hay una ley que los<br>ampara en caso de que hayan sido discriminados, pero m\u00e1s relevante es que a trav\u00e9s de<br>estas capacitaciones sensibilicemos a las personas sobre la materia, que aprendan a<br>reconocer la discriminaci\u00f3n para que puedan identificarla y atacarla al mismo tiempo\u201d.\u00a0<br>Otro aspecto importante de esta capacitaci\u00f3n fue la participaci\u00f3n activa de las y los<br>asistentes quienes aportaron con sus propias experiencias, plantearon sus dudas y<br>entregaron sus puntos de vista sobre los temas que fueron expuestos en la capacitaci\u00f3n.<br>El seremi de Gobierno, Andro Mimica destac\u00f3 que \u201cdesde el gobierno del Presidente<br>Gabriel Boric ponemos un foco principalmente en el poder ir derribando los estereotipos e<br>ir terminando con todo tipo de violencia, por eso que la llegada de nuestro Observatorio<br>de Segegob a Punta Arenas tiene importancia. Tuvimos una capacitaci\u00f3n primero con las<br>funcionarias o funcionarios p\u00fablicos que son la primera entrada al Estado, hicimos esta<br>relator\u00eda en conjunto con dirigentes sociales de todo \u00e1mbito y nos encontramos con<br>funcionarios de la PDI y Carabineros para que vayamos rompiendo barreras y podamos<br>tener espacios libres de violencia, donde principalmente sea cada uno de los hombres y<br>mujeres sujetos de derecho los que podamos vivir en las mismas condiciones de<br>igualdad\u201d.<br>Es importante se\u00f1alar que el OPCND tambi\u00e9n ha desarrollado versiones con \u00e9nfasis en<br>grupos espec\u00edficos. Estos cursos se ofrecen seg\u00fan requerimiento de la instituci\u00f3n u<br>organizaci\u00f3n y permiten entender la particularidad de la discriminaci\u00f3n que sufren, por<br>ejemplo, personas LGTBIQA+ o personas migrantes.<br>Rodrigo Llanos, de la Corporaci\u00f3n Liberando Colores, indic\u00f3 que \u201csiento que instancias<br>como estas son muy importantes para poder realmente escuchar la voz de la sociedad<br>civil. Hemos vivido hist\u00f3ricamente en Chile procesos legislativos que se hacen bajo cuatro<br>paredes donde no existe realmente una participaci\u00f3n ciudadana e instancias como estas<br>ayudan a romper esta brecha y a incluir a la gente en la legislaci\u00f3n. A\u00fan queda camino<br>por recorrer y creemos que la sociedad civil es fundamental para que este trabajo pueda<br>consolidarse de manera permanente\u201d.<br>La capacitaci\u00f3n finaliz\u00f3 con la aplicaci\u00f3n de un test individual de conocimientos que<br>conduce a una certificaci\u00f3n, y tambi\u00e9n los asistentes tuvieron la posibilidad de calificar<br>esta instancia y entregar sugerencias de mejora.<\/p>\n","protected":false},"excerpt":{"rendered":"<p>Entregar definiciones conceptuales en materia de discriminaci\u00f3n, destacando el valor delrespeto a la dignidad de todas las personas, fue el objetivo de la capacitaci\u00f3n sobre la Ley20.609 que realiz\u00f3 el&#8230; <a class=\"read-more\" href=\"https:\/\/www.radiopresidenteibanez.cl\/web\/representantes-de-organizaciones-sociales-participaron-en-capacitacion-sobre-ley-20-609\/\">Leer m\u00e1s<\/a><\/p>\n","protected":false},"author":2,"featured_media":45993,"comment_status":"closed","ping_status":"closed","sticky":false,"template":"","format":"standard","meta":{"footnotes":""},"categories":[1],"tags":[],"class_list":["post-45992","post","type-post","status-publish","format-standard","has-post-thumbnail","hentry","category-cronica"],"_links":{"self":[{"href":"https:\/\/www.radiopresidenteibanez.cl\/web\/wp-json\/wp\/v2\/posts\/45992","targetHints":{"allow":["GET"]}}],"collection":[{"href":"https:\/\/www.radiopresidenteibanez.cl\/web\/wp-json\/wp\/v2\/posts"}],"about":[{"href":"https:\/\/www.radiopresidenteibanez.cl\/web\/wp-json\/wp\/v2\/types\/post"}],"author":[{"embeddable":true,"href":"https:\/\/www.radiopresidenteibanez.cl\/web\/wp-json\/wp\/v2\/users\/2"}],"replies":[{"embeddable":true,"href":"https:\/\/www.radiopresidenteibanez.cl\/web\/wp-json\/wp\/v2\/comments?post=45992"}],"version-history":[{"count":0,"href":"https:\/\/www.radiopresidenteibanez.cl\/web\/wp-json\/wp\/v2\/posts\/45992\/revisions"}],"wp:featuredmedia":[{"embeddable":true,"href":"https:\/\/www.radiopresidenteibanez.cl\/web\/wp-json\/wp\/v2\/media\/45993"}],"wp:attachment":[{"href":"https:\/\/www.radiopresidenteibanez.cl\/web\/wp-json\/wp\/v2\/media?parent=45992"}],"wp:term":[{"taxonomy":"category","embeddable":true,"href":"https:\/\/www.radiopresidenteibanez.cl\/web\/wp-json\/wp\/v2\/categories?post=45992"},{"taxonomy":"post_tag","embeddable":true,"href":"https:\/\/www.radiopresidenteibanez.cl\/web\/wp-json\/wp\/v2\/tags?post=45992"}],"curies":[{"name":"wp","href":"https:\/\/api.w.org\/{rel}","templated":true}]}}