{"id":45986,"date":"2024-01-26T18:44:00","date_gmt":"2024-01-26T21:44:00","guid":{"rendered":"https:\/\/www.radiopresidenteibanez.cl\/web\/?p=45986"},"modified":"2024-01-26T10:46:24","modified_gmt":"2024-01-26T13:46:24","slug":"servicio-nacional-de-capacitacion-y-empleo-sence-magallanes-abre-concurso-publico-para-cargo-de-director-o-directora-regional","status":"publish","type":"post","link":"https:\/\/www.radiopresidenteibanez.cl\/web\/servicio-nacional-de-capacitacion-y-empleo-sence-magallanes-abre-concurso-publico-para-cargo-de-director-o-directora-regional\/","title":{"rendered":"SERVICIO NACIONAL DE CAPACITACI\u00d3N Y EMPLEO SENCE MAGALLANES ABRE CONCURSO PUBLICO PARA CARGO DE DIRECTOR O DIRECTORA REGIONAL"},"content":{"rendered":"\n<p>Hasta las 23:59 horas del lunes 05 de febrero de 2024,\u202festar\u00e1 abierto en el portal de Alta Direcci\u00f3n<br>P\u00fablica el proceso de postulaci\u00f3n para proveer el cargo de director o directora regional del Servicio<br>Nacional de Capacitaci\u00f3n y Empleo de la regi\u00f3n de Magallanes y de la Ant\u00e1rtica Chilena.<br>El cargo tiene una dependencia en nivel jer\u00e1rquico II del Ministerio del Trabajo y Previsi\u00f3n Social, su<br>nombramiento tendr\u00e1 una duraci\u00f3n de tres a\u00f1os, renovable hasta dos veces por igual plazo.<br>Los y las interesadas deben tener un t\u00edtulo profesional de una carrera de, a lo menos, ocho semestres<br>de duraci\u00f3n, otorgado por una Universidad o Instituto Profesional del Estado o reconocidos por \u00e9ste.<br>Adem\u00e1s, es requisito acreditar una experiencia profesional no inferior a cinco a\u00f1os y\u202fun m\u00ednimo de dos<br>a\u00f1os de experiencia en cargos de direcci\u00f3n y\/o jefatura en la ejecuci\u00f3n de pol\u00edticas p\u00fablicas y\/o<br>privadas asociadas al mercado laboral.<br>Desaf\u00edos del cargo: promover la articulaci\u00f3n interna y externa con los actores del sistema de<br>habilitaci\u00f3n laboral y la sociedad civil, fortalecer el sistema de intermediaci\u00f3n laboral, mejorar los<br>canales de atenci\u00f3n ciudadana y fortalecer la gesti\u00f3n institucional de la regi\u00f3n en los \u00e1mbitos de<br>integridad, transversalizaci\u00f3n del enfoque de g\u00e9nero y clima laboral.<\/p>\n","protected":false},"excerpt":{"rendered":"<p>Hasta las 23:59 horas del lunes 05 de febrero de 2024,\u202festar\u00e1 abierto en el portal de Alta Direcci\u00f3nP\u00fablica el proceso de postulaci\u00f3n para proveer el cargo de director o directora&#8230; <a class=\"read-more\" href=\"https:\/\/www.radiopresidenteibanez.cl\/web\/servicio-nacional-de-capacitacion-y-empleo-sence-magallanes-abre-concurso-publico-para-cargo-de-director-o-directora-regional\/\">Leer m\u00e1s<\/a><\/p>\n","protected":false},"author":2,"featured_media":45987,"comment_status":"closed","ping_status":"closed","sticky":false,"template":"","format":"standard","meta":{"footnotes":""},"categories":[1],"tags":[],"class_list":["post-45986","post","type-post","status-publish","format-standard","has-post-thumbnail","hentry","category-cronica"],"_links":{"self":[{"href":"https:\/\/www.radiopresidenteibanez.cl\/web\/wp-json\/wp\/v2\/posts\/45986","targetHints":{"allow":["GET"]}}],"collection":[{"href":"https:\/\/www.radiopresidenteibanez.cl\/web\/wp-json\/wp\/v2\/posts"}],"about":[{"href":"https:\/\/www.radiopresidenteibanez.cl\/web\/wp-json\/wp\/v2\/types\/post"}],"author":[{"embeddable":true,"href":"https:\/\/www.radiopresidenteibanez.cl\/web\/wp-json\/wp\/v2\/users\/2"}],"replies":[{"embeddable":true,"href":"https:\/\/www.radiopresidenteibanez.cl\/web\/wp-json\/wp\/v2\/comments?post=45986"}],"version-history":[{"count":0,"href":"https:\/\/www.radiopresidenteibanez.cl\/web\/wp-json\/wp\/v2\/posts\/45986\/revisions"}],"wp:featuredmedia":[{"embeddable":true,"href":"https:\/\/www.radiopresidenteibanez.cl\/web\/wp-json\/wp\/v2\/media\/45987"}],"wp:attachment":[{"href":"https:\/\/www.radiopresidenteibanez.cl\/web\/wp-json\/wp\/v2\/media?parent=45986"}],"wp:term":[{"taxonomy":"category","embeddable":true,"href":"https:\/\/www.radiopresidenteibanez.cl\/web\/wp-json\/wp\/v2\/categories?post=45986"},{"taxonomy":"post_tag","embeddable":true,"href":"https:\/\/www.radiopresidenteibanez.cl\/web\/wp-json\/wp\/v2\/tags?post=45986"}],"curies":[{"name":"wp","href":"https:\/\/api.w.org\/{rel}","templated":true}]}}