{"id":45983,"date":"2024-01-26T17:25:00","date_gmt":"2024-01-26T20:25:00","guid":{"rendered":"https:\/\/www.radiopresidenteibanez.cl\/web\/?p=45983"},"modified":"2024-01-26T10:42:28","modified_gmt":"2024-01-26T13:42:28","slug":"semillero-de-la-compania-folklorica-bria-austral-emprende-nueva-gira-nacional","status":"publish","type":"post","link":"https:\/\/www.radiopresidenteibanez.cl\/web\/semillero-de-la-compania-folklorica-bria-austral-emprende-nueva-gira-nacional\/","title":{"rendered":"SEMILLERO DE LA COMPA\u00d1IA FOLKLORICA BRIA AUSTRAL EMPRENDE NUEVA GIRA NACIONAL"},"content":{"rendered":"\n<p>Uno de los elencos estables de la Compa\u00f1\u00eda de Aplicaci\u00f3n Folkl\u00f3rica \u201cBrisa Austral\u201d de Punta<br>Arenas, emprende viaje a una nueva experiencia art\u00edstica y cultural, en representaci\u00f3n de la<br>cultura patag\u00f3nica y chilena. Se trata del Elenco Semillero de esta prestigiosa agrupaci\u00f3n<br>puntarenense, que participar\u00e1 en el \u201cII Encuentro Internacional de Folklore Infantil\u201d, el que se<br>desarrollar\u00e1 durante los d\u00edas 29 de enero al 04 de febrero pr\u00f3ximo.<br>En dicha oportunidad, el elenco puntarenense compartir\u00e1 escenario con diversos elencos<br>internacionales, provenientes de distintos puntos de Am\u00e9ricaLatina como Per\u00fa, Colombia y<br>M\u00e9xico, quienes se dar\u00e1n cita en este importante y reconocido evento folkl\u00f3rico de la capital<br>colombiana, mostrando parte del folklore patag\u00f3nico y generando un valioso rescate e<br>intercambio cultural.<br>Hasta la Regi\u00f3n de Los Lagos llegar\u00e1n los exponentes puntarenenses, compuesto por 18 ni\u00f1as y<br>ni\u00f1os, de 6 a 13 a\u00f1os de edad (adem\u00e1s de algunos adolescentes) para poner en escena 2 de sus<br>variados trabajos art\u00edsticos, con los cuales pretende deleitar a dicho p\u00fablico, en cada una de las<br>arduas funciones y agenda programada.<br>Se trata de las obras que llevan por nombre \u201cPatagonia encanto\u201d, un homenaje al ovejero de la<br>Patagonia chilena y que se re-estrenar\u00e1 en este destacado evento nacional, junto a la obra que<br>lleva por nombre \u201cDiablos y Diablezas\u201d, un trabajo esc\u00e9nico ambientado en la religiosidad de la<br>puerta norte de nuestro pa\u00eds.<br>Todo, a cargo del destacado director esc\u00e9nico, Sr. Oscar Carri\u00f3n, quien se manifest\u00f3 estar muy<br>orgulloso y agradeci\u00f3 el gran trabajo e invitaci\u00f3n de la organizaci\u00f3n por valorar la escena<br>magall\u00e1nica y chilena en el resto del pa\u00eds. \u201cPara nosotros, es muy importante este tipo de<br>acciones art\u00edsticas y culturales porque se trata de aprendizajes muy significativos para las ni\u00f1eces<br>de nuestra ciudad, en torno al arte y a la cultura tradicional\u201d.<br>El elenco que viaja en esta ocasi\u00f3n, est\u00e1 integrado por m\u00e1s de 26 personas, entre bailarines, un<br>staff y direcci\u00f3n art\u00edstica, quienes han estado trabajando arduamente durante las \u00faltimas semanas<br>para llevar a cabo esta nueva gira nacional; Esta vez, a cargo de los m\u00e1s peque\u00f1os del elenco y<br>quienes ya se alistan para iniciar en marzo, la temporada 2024, con un nuevo y \u00fanico llamado a<br>integrar sus filas\u201d<\/p>\n","protected":false},"excerpt":{"rendered":"<p>Uno de los elencos estables de la Compa\u00f1\u00eda de Aplicaci\u00f3n Folkl\u00f3rica \u201cBrisa Austral\u201d de PuntaArenas, emprende viaje a una nueva experiencia art\u00edstica y cultural, en representaci\u00f3n de lacultura patag\u00f3nica y&#8230; <a class=\"read-more\" href=\"https:\/\/www.radiopresidenteibanez.cl\/web\/semillero-de-la-compania-folklorica-bria-austral-emprende-nueva-gira-nacional\/\">Leer m\u00e1s<\/a><\/p>\n","protected":false},"author":2,"featured_media":45984,"comment_status":"closed","ping_status":"closed","sticky":false,"template":"","format":"standard","meta":{"footnotes":""},"categories":[1],"tags":[],"class_list":["post-45983","post","type-post","status-publish","format-standard","has-post-thumbnail","hentry","category-cronica"],"_links":{"self":[{"href":"https:\/\/www.radiopresidenteibanez.cl\/web\/wp-json\/wp\/v2\/posts\/45983","targetHints":{"allow":["GET"]}}],"collection":[{"href":"https:\/\/www.radiopresidenteibanez.cl\/web\/wp-json\/wp\/v2\/posts"}],"about":[{"href":"https:\/\/www.radiopresidenteibanez.cl\/web\/wp-json\/wp\/v2\/types\/post"}],"author":[{"embeddable":true,"href":"https:\/\/www.radiopresidenteibanez.cl\/web\/wp-json\/wp\/v2\/users\/2"}],"replies":[{"embeddable":true,"href":"https:\/\/www.radiopresidenteibanez.cl\/web\/wp-json\/wp\/v2\/comments?post=45983"}],"version-history":[{"count":0,"href":"https:\/\/www.radiopresidenteibanez.cl\/web\/wp-json\/wp\/v2\/posts\/45983\/revisions"}],"wp:featuredmedia":[{"embeddable":true,"href":"https:\/\/www.radiopresidenteibanez.cl\/web\/wp-json\/wp\/v2\/media\/45984"}],"wp:attachment":[{"href":"https:\/\/www.radiopresidenteibanez.cl\/web\/wp-json\/wp\/v2\/media?parent=45983"}],"wp:term":[{"taxonomy":"category","embeddable":true,"href":"https:\/\/www.radiopresidenteibanez.cl\/web\/wp-json\/wp\/v2\/categories?post=45983"},{"taxonomy":"post_tag","embeddable":true,"href":"https:\/\/www.radiopresidenteibanez.cl\/web\/wp-json\/wp\/v2\/tags?post=45983"}],"curies":[{"name":"wp","href":"https:\/\/api.w.org\/{rel}","templated":true}]}}