{"id":45977,"date":"2024-01-26T15:00:00","date_gmt":"2024-01-26T18:00:00","guid":{"rendered":"https:\/\/www.radiopresidenteibanez.cl\/web\/?p=45977"},"modified":"2024-01-26T10:36:00","modified_gmt":"2024-01-26T13:36:00","slug":"291-familias-conocieron-las-viviendas-pilotos-de-los-proyectos-valle-los-sauces","status":"publish","type":"post","link":"https:\/\/www.radiopresidenteibanez.cl\/web\/291-familias-conocieron-las-viviendas-pilotos-de-los-proyectos-valle-los-sauces\/","title":{"rendered":"291 FAMILIAS CONOCIERON LAS VIVIENDAS PILOTOS DE LOS PROYECTOS VALLE LOS SAUCES"},"content":{"rendered":"\n<p>En el marco de las actividades del Plan de Habilitaci\u00f3n Social que contemplan los proyectos habitacionales del Minvu, este jueves el Seremi&nbsp;<strong>Marco Uribe Saldivia<\/strong>&nbsp;y el Director (s) del Serviu,&nbsp;<strong>Omar Gonz\u00e1lez Asenjo<\/strong>, acompa\u00f1aron a las familias de dos agrupaciones en la visita de las viviendas pilotos de los proyectos Los Sauces.<\/p>\n\n\n\n<p>Se trata de los conjuntos habitacionales Valle Los Sauces 4 y 8, de la entidad patrocinante&nbsp;Inmobiliaria Ebco \u2013 Omcorp, que benefician a 291 familias de las agrupaciones de vivienda&nbsp;Cumbres de Fitz Roy y Renacer de la poblaci\u00f3n Calixto, en la comuna de Punta Arenas.<\/p>\n\n\n\n<p>\u201cEl Plan de Emergencia Habitacional que nos encomend\u00f3 el Presidente Gabriel Boric avanza a pie firme en la regi\u00f3n. Estos nuevos barrios son parte de los 22 proyectos que estamos construyendo, con 2.595 viviendas en obra actualmente\u201d, destac\u00f3 el&nbsp;Seremi de Vivienda y Urbanismo,&nbsp;<strong>Marco Uribe Saldivia<\/strong>.<\/p>\n\n\n\n<p>A estos dos conjuntos habitacionales, se suman otros dos en obra: Valle Los Sauces 5 y 7, que juntos&nbsp;significan una inversi\u00f3n total de&nbsp;42.700 millones de pesos para la regi\u00f3n, aportados por el Minvu&nbsp;a trav\u00e9s del programa Fondo Solidario de Elecci\u00f3n de Vivienda (DS49),&nbsp;y con aportes del Gobierno Regional y las familias.<\/p>\n\n\n\n<p>\u201cNos pone muy contentos poder&nbsp;acompa\u00f1ar a las familias a la visita de la vivienda piloto, que&nbsp;es un hito muy importante. Pueden ver, medir y proyectar como ser\u00e1 su hogar, al mismo tiempo que constatamos que estas obras son parte de la reactivaci\u00f3n econ\u00f3mica proyectada para este a\u00f1o\u201d, afirm\u00f3 el Seremi del Minvu.<\/p>\n\n\n\n<p><strong>Viviendas de calidad<\/strong><strong><\/strong><\/p>\n\n\n\n<p>En el sector se construyen&nbsp;465 viviendas de 62m2, de dos pisos, con tres dormitorios, estar-comedor, ba\u00f1o y cocina. Las otras 35 tienen 64,3m2 y son para personas con movilidad reducida, de un piso, con tres dormitorios, estar-comedor, ba\u00f1o y cocina.<\/p>\n\n\n\n<p>\u201cEstamos hablando de soluciones habitacionales de alto est\u00e1ndar, con terminaciones, piso vin\u00edlico en cocina y ba\u00f1o, cubrepiso en estar-comedor, pasillos y dormitorios, adem\u00e1s de calefacci\u00f3n central\u201d, explic\u00f3 el Director (s) del Serviu, agregando que \u201clas obras presentan un 30% de avance y son ejecutadas por la Constructora Ebco, generando 168 empleos directos, con 13 de ellos para mujeres\u201d.<\/p>\n\n\n\n<p>Cada uno de los conjuntos cuenta con una sala de uso m\u00faltiple de 92m2, adem\u00e1s de \u00e1reas verdes, accesibilidad y zonas destinadas para juegos infantiles y circuito fitness.<\/p>\n\n\n\n<p>\u201cEstamos muy felices por este avance y este hito. Hubo un retraso (proyecto) por gestiones anteriores, pero con el gobierno actual pudimos obtener nuestros subsidios. Esperamos que todo siga su curso como hasta ahora y tener pronto nuestras viviendas\u201d, coment\u00f3 la presidenta&nbsp;de la agrupaci\u00f3n&nbsp;<a>Cumbres de Fitz Roy<\/a>,&nbsp;Susana Aguilar, que representa a 146 familias de Punta Arenas.<\/p>\n\n\n\n<p>A la fecha, el Plan de Emergencia Habitacional del Minvu supera el 75% de avance en la regi\u00f3n, con 1.475 viviendas entregadas y 2.595 soluciones habitacionales en construcci\u00f3n.<\/p>\n","protected":false},"excerpt":{"rendered":"<p>En el marco de las actividades del Plan de Habilitaci\u00f3n Social que contemplan los proyectos habitacionales del Minvu, este jueves el Seremi&nbsp;Marco Uribe Saldivia&nbsp;y el Director (s) del Serviu,&nbsp;Omar Gonz\u00e1lez&#8230; <a class=\"read-more\" href=\"https:\/\/www.radiopresidenteibanez.cl\/web\/291-familias-conocieron-las-viviendas-pilotos-de-los-proyectos-valle-los-sauces\/\">Leer m\u00e1s<\/a><\/p>\n","protected":false},"author":2,"featured_media":45978,"comment_status":"closed","ping_status":"closed","sticky":false,"template":"","format":"standard","meta":{"footnotes":""},"categories":[1],"tags":[],"class_list":["post-45977","post","type-post","status-publish","format-standard","has-post-thumbnail","hentry","category-cronica"],"_links":{"self":[{"href":"https:\/\/www.radiopresidenteibanez.cl\/web\/wp-json\/wp\/v2\/posts\/45977","targetHints":{"allow":["GET"]}}],"collection":[{"href":"https:\/\/www.radiopresidenteibanez.cl\/web\/wp-json\/wp\/v2\/posts"}],"about":[{"href":"https:\/\/www.radiopresidenteibanez.cl\/web\/wp-json\/wp\/v2\/types\/post"}],"author":[{"embeddable":true,"href":"https:\/\/www.radiopresidenteibanez.cl\/web\/wp-json\/wp\/v2\/users\/2"}],"replies":[{"embeddable":true,"href":"https:\/\/www.radiopresidenteibanez.cl\/web\/wp-json\/wp\/v2\/comments?post=45977"}],"version-history":[{"count":0,"href":"https:\/\/www.radiopresidenteibanez.cl\/web\/wp-json\/wp\/v2\/posts\/45977\/revisions"}],"wp:featuredmedia":[{"embeddable":true,"href":"https:\/\/www.radiopresidenteibanez.cl\/web\/wp-json\/wp\/v2\/media\/45978"}],"wp:attachment":[{"href":"https:\/\/www.radiopresidenteibanez.cl\/web\/wp-json\/wp\/v2\/media?parent=45977"}],"wp:term":[{"taxonomy":"category","embeddable":true,"href":"https:\/\/www.radiopresidenteibanez.cl\/web\/wp-json\/wp\/v2\/categories?post=45977"},{"taxonomy":"post_tag","embeddable":true,"href":"https:\/\/www.radiopresidenteibanez.cl\/web\/wp-json\/wp\/v2\/tags?post=45977"}],"curies":[{"name":"wp","href":"https:\/\/api.w.org\/{rel}","templated":true}]}}